{"id":733,"date":"2025-03-29T00:44:54","date_gmt":"2025-03-29T00:44:54","guid":{"rendered":"https:\/\/produccionesviesqueswood.com\/blog\/?p=733"},"modified":"2025-03-29T00:44:54","modified_gmt":"2025-03-29T00:44:54","slug":"teatro-en-viesqueswood-una-decada-creando","status":"publish","type":"post","link":"https:\/\/produccionesviesqueswood.com\/blog\/teatro-en-viesqueswood-una-decada-creando\/","title":{"rendered":"Teatro en Viesqueswood &#8211; Una d\u00e9cada creando"},"content":{"rendered":"\n<h1 class=\"wp-block-heading h1-entry\">Teatro en Viesqueswood &#8211; Una d\u00e9cada creando<\/h1>\n\n\n\n<p>Esta \u00e9poca, entorno al d\u00eda mundial del teatro y el propio d\u00eda, es una \u00e9poca muy especial para nosotros. Es una fecha excelente tanto para la celebraci\u00f3n y los buenos deseos, como para la reflexi\u00f3n sobre el estado de las cosas. Este a\u00f1o, adem\u00e1s, la celebraci\u00f3n del d\u00eda mundial del teatro tiene una connotaci\u00f3n muy importante ya que este curso 2024-2025 se cumplen diez a\u00f1os desde que empezamos a fabricar nuestros propios sue\u00f1os aqu\u00ed, en <em>Viesqueswood<\/em>. Durante esta d\u00e9cada hemos tenido el honor de trabajar y crear en diversos aspectos del arte: teatro, tanto con <a href=\"https:\/\/produccionesviesqueswood.com\/obras-de-teatro\">obras propias<\/a> como con obras de nuestras clases, cortometrajes o locuciones, con nuestro proyecto \u00abVoz, letra y acci\u00f3n\u00bb, del cual pod\u00e9is escuchar las que hay publicadas hasta el momento aqu\u00ed: <a href=\"https:\/\/produccionesviesqueswood.com\/proyectos\/voz-letra-y-accion\">Voz, letra y acci\u00f3n<\/a>. Unos a\u00f1os que han servido para aprender y ense\u00f1ar a partes iguales, unos a\u00f1os que han provocado un crecimiento personal gracias no solo al trabajo en s\u00ed mismo, sino gracias a todos aquellos que nos han rodeado a lo largo de este tiempo, en especial, a nuestros alumnos.<\/p>\n\n\n\n<figure class=\"wp-block-gallery has-nested-images columns-default is-cropped wp-block-gallery-1 is-layout-flex wp-block-gallery-is-layout-flex\">\n<figure class=\"wp-block-image size-large\"><img loading=\"lazy\" decoding=\"async\" width=\"1365\" height=\"2048\" data-id=\"759\" src=\"https:\/\/produccionesviesqueswood.com\/blog\/wp-content\/uploads\/2025\/03\/WhatsApp-Image-2025-03-29-at-00.25.11-3.jpeg\" alt=\"\u00c1ngel y Dani como Casimiro de la Ventana y Evaristo Valle en la obra de teatro &quot;Historia del museo&quot; en Fundaci\u00f3n Museo Evaristo Valle .\" class=\"wp-image-759\" srcset=\"https:\/\/produccionesviesqueswood.com\/blog\/wp-content\/uploads\/2025\/03\/WhatsApp-Image-2025-03-29-at-00.25.11-3.jpeg 1365w, https:\/\/produccionesviesqueswood.com\/blog\/wp-content\/uploads\/2025\/03\/WhatsApp-Image-2025-03-29-at-00.25.11-3-768x1152.jpeg 768w, https:\/\/produccionesviesqueswood.com\/blog\/wp-content\/uploads\/2025\/03\/WhatsApp-Image-2025-03-29-at-00.25.11-3-1024x1536.jpeg 1024w\" sizes=\"(max-width: 1365px) 100vw, 1365px\" \/><figcaption class=\"wp-element-caption\">\u00c1ngel y Dani como Casimiro de la Ventana y Evaristo Valle en la obra de teatro \u00abHistoria del museo\u00bb en Fundaci\u00f3n Museo Evaristo Valle .<\/figcaption><\/figure>\n\n\n\n<figure class=\"wp-block-image size-large\"><img loading=\"lazy\" decoding=\"async\" width=\"1365\" height=\"2048\" data-id=\"755\" src=\"https:\/\/produccionesviesqueswood.com\/blog\/wp-content\/uploads\/2025\/03\/WhatsApp-Image-2025-03-29-at-00.25.12.jpeg\" alt=\"\u00c1lvaro como Hans en &quot;Hans el monstruo&quot;, obra de teatro representada en el &quot;Museo Barjola&quot;.\" class=\"wp-image-755\" srcset=\"https:\/\/produccionesviesqueswood.com\/blog\/wp-content\/uploads\/2025\/03\/WhatsApp-Image-2025-03-29-at-00.25.12.jpeg 1365w, https:\/\/produccionesviesqueswood.com\/blog\/wp-content\/uploads\/2025\/03\/WhatsApp-Image-2025-03-29-at-00.25.12-768x1152.jpeg 768w, https:\/\/produccionesviesqueswood.com\/blog\/wp-content\/uploads\/2025\/03\/WhatsApp-Image-2025-03-29-at-00.25.12-1024x1536.jpeg 1024w\" sizes=\"(max-width: 1365px) 100vw, 1365px\" \/><figcaption class=\"wp-element-caption\">\u00c1lvaro como Hans en \u00abHans el monstruo\u00bb, obra de teatro representada en el \u00abMuseo Barjola\u00bb.<\/figcaption><\/figure>\n\n\n\n<figure class=\"wp-block-image size-large\"><img loading=\"lazy\" decoding=\"async\" width=\"1500\" height=\"2000\" data-id=\"758\" src=\"https:\/\/produccionesviesqueswood.com\/blog\/wp-content\/uploads\/2025\/03\/WhatsApp-Image-2025-03-29-at-00.25.13.jpeg\" alt=\"El drag\u00f3n Philip, protagonista de varios de nuestros cuentacuentos.\" class=\"wp-image-758\" srcset=\"https:\/\/produccionesviesqueswood.com\/blog\/wp-content\/uploads\/2025\/03\/WhatsApp-Image-2025-03-29-at-00.25.13.jpeg 1500w, https:\/\/produccionesviesqueswood.com\/blog\/wp-content\/uploads\/2025\/03\/WhatsApp-Image-2025-03-29-at-00.25.13-768x1024.jpeg 768w, https:\/\/produccionesviesqueswood.com\/blog\/wp-content\/uploads\/2025\/03\/WhatsApp-Image-2025-03-29-at-00.25.13-1152x1536.jpeg 1152w\" sizes=\"(max-width: 1500px) 100vw, 1500px\" \/><figcaption class=\"wp-element-caption\">El drag\u00f3n Philip, protagonista de varios de nuestros cuentacuentos.<\/figcaption><\/figure>\n\n\n\n<figure class=\"wp-block-image size-large\"><img loading=\"lazy\" decoding=\"async\" width=\"1365\" height=\"910\" data-id=\"760\" src=\"https:\/\/produccionesviesqueswood.com\/blog\/wp-content\/uploads\/2025\/03\/WhatsApp-Image-2025-03-29-at-00.25.12-6-edited.jpeg\" alt=\"Elena, Marina y Yolanda representando el cuadro &quot;La pescadoras de marisco&quot; en la obra de teatro &quot;Historias del Museo&quot; en &quot;Museo Casa natal de Jovellanos&quot;.\" class=\"wp-image-760\" srcset=\"https:\/\/produccionesviesqueswood.com\/blog\/wp-content\/uploads\/2025\/03\/WhatsApp-Image-2025-03-29-at-00.25.12-6-edited.jpeg 1365w, https:\/\/produccionesviesqueswood.com\/blog\/wp-content\/uploads\/2025\/03\/WhatsApp-Image-2025-03-29-at-00.25.12-6-edited-768x512.jpeg 768w\" sizes=\"(max-width: 1365px) 100vw, 1365px\" \/><figcaption class=\"wp-element-caption\">Elena, Marina y Yolanda representando el cuadro \u00abLa pescadoras de marisco\u00bb en la obra de teatro \u00abHistorias del Museo\u00bb en \u00abMuseo Casa natal de Jovellanos\u00bb.<\/figcaption><\/figure>\n<\/figure>\n\n\n\n<p>Hemos hablado con ellos sobre arte esc\u00e9nico y sobre todo lo que nos motiva a hacer teatro, de los proyectos presentes, de los pasados y un poco sobre expectativas y esperanzas futuras. Este art\u00edculo pretende ser una humilde reflexi\u00f3n sobre nuestro amado arte y todo lo que el teatro puede y podr\u00e1 regalarnos en el futuro.<\/p>\n\n\n\n<h2 class=\"wp-block-heading h2-entry\">Hablemos de teatro desde dentro<\/h2>\n\n\n\n<h3 class=\"wp-block-heading h3-entry\"><strong>\u00bfQu\u00e9 puede hacer el teatro por la situaci\u00f3n actual del mundo en la que nos ha tocado vivir?<\/strong><\/h3>\n\n\n\n<p>No se puede esconder que el momento presente es un estado extra\u00f1o de las cosas. Ante tanto alarmismo, caos y extra\u00f1eza, nos aferramos al teatro para poder navegar mareas tan peligrosas. El teatro necesita formar parte de nuestra realidad, ya que es una actividad de la que se nutre todo nuestro ser y que practicarla, no s\u00f3lo ayuda al individuo con sus quehaceres diarios y sus peque\u00f1os-grandes dramas, si no que las sociedades ven reflejadas su propia idiosincrasia en las historias del teatro.<\/p>\n\n\n\n<p>Ver en el escenario un conflicto es poder entender la realidad, poder obtener herramientas para superarlo o simplemente poder abstraernos para coger fuerzas y afrontar nuestros miedos m\u00e1s tarde. El mundo es mundo desde que el hombre cavernario aprendi\u00f3 a captar la atenci\u00f3n de sus semejantes representando escenas de caza a la luz de la hoguera. El teatro representa en el peque\u00f1o (y a veces no tan peque\u00f1o) espacio de un escenario el mundo que nos rodea y, por lo tanto, nos muestra sus victorias y sus miserias.<\/p>\n\n\n\n<h3 class=\"wp-block-heading h3-entry\"><strong>El teatro y su potencial curativo<\/strong><\/h3>\n\n\n\n<blockquote class=\"wp-block-quote is-layout-flow wp-block-quote-is-layout-flow\">\n<p>Nos ha tocado vivir una \u00e9poca compleja, en la que las relaciones humanas se ven cada vez m\u00e1s atomizadas.\u201d<\/p>\n<\/blockquote>\n\n\n\n<p>Son palabras de \u00c1ngel Garc\u00eda, que interpreta a <em>Vladislav<\/em>, uno de los simp\u00e1ticos vampiros de <em><strong>\u201c<\/strong><\/em><strong><em>La casa de los vampiros<\/em><\/strong><em><strong>\u201d<\/strong><\/em>, proyecto teatral del grupo de los martes. \u00c1ngel contin\u00faa comentando que nuestra sociedad vive inmersa en una sensaci\u00f3n de desasosiego y frustraci\u00f3n. La cualidad de arte colectivo, en el que se necesita al grupo para salir adelante, y su condici\u00f3n de arte ef\u00edmero, convierten al teatro en una experiencia \u201c<em>liberadora y un soplo de aire fresco.<\/em>\u201d Esta idea de fugacidad, le resulta tremendamente atractiva a Ana Garc\u00eda, integrante tambi\u00e9n de nuestra comedia vamp\u00edrica, interpretando a <em>Nicole<\/em>, gamberra vampira primeriza.<\/p>\n\n\n\n<blockquote class=\"wp-block-quote is-layout-flow wp-block-quote-is-layout-flow\">\n<p>Estamos muy acostumbrados a poder hacer todo de forma inmediata y guardar nuestros recuerdos en el m\u00f3vil. Todo se puede volver a ver, todo se puede enviar a cualquier otra persona de forma f\u00e1cil, todas las experiencias se vuelven iguales\u2026 Por eso estamos perdiendo la costumbre de intentar disfrutar cada momento y prestar atenci\u00f3n a los detalles. En el teatro, cada funci\u00f3n es distinta y no hay opci\u00f3n de volver a vivirla. Esa efimeridad es lo que fuerza al espectador a tener que prestar toda su atenci\u00f3n.<\/p>\n<\/blockquote>\n\n\n\n<p>Para ella, cuando el espectador abandone su butaca, habr\u00e1 tenido una experiencia \u00fanica, distinta a la de la persona que estaba a su lado, a pesar de haber asistido a la misma funci\u00f3n, pues cada uno de ellos habr\u00e1 experimentado las cosas por s\u00ed mismo.<\/p>\n\n\n\n<p>Por eso, nuestros alumnos, sienten que el teatro tiene un potencial enorme en la curaci\u00f3n de nuestra alma y mente. Palabras como relativizaci\u00f3n y empat\u00eda son parte del vocabulario que todo aquel que hace teatro acaba aprendiendo a manejar.<\/p>\n\n\n\n<blockquote class=\"wp-block-quote is-layout-flow wp-block-quote-is-layout-flow\">\n<p>Considero que ayuda a relativizar y a sentir que \u201cnada es para tanto\u201d. \u201cEl teatro te hace pasar por una serie de emociones que quiz\u00e1 no concuerden con el estado emocional actual del espectador o del actor, regal\u00e1ndole al cerebro y al alma unos minutos de cura.<\/p>\n<\/blockquote>\n\n\n\n<p>Marina Santos, que forma parte del elenco de <em><strong>\u201cItalia\u201d<\/strong><\/em> el musical del grupo de los mi\u00e9rcoles, interpretando a <em>Carla<\/em>, nos deja claro de esta manera, que el \u201c<em>ponerse los zapatos del otro<\/em>\u201d abre nuestra mente a reflexionar sobre nuestra vida y darnos herramientas con las que enfrentarnos a los problemas del d\u00eda a d\u00eda, aprendiendo a resolver situaciones conflictivas gracias a la mirada objetiva y anal\u00edtica de quien se esfuerza por interpretar a un personaje. Encontrando de esa forma, espacios comunes con otros seres humanos.<\/p>\n\n\n\n<p>Nos adentramos, por tanto, en el terreno de la empat\u00eda. Una clase de teatro, una obra de teatro, est\u00e1n pensadas con la idea de compartir. Esa idea de que no s\u00f3lo el actor necesita de la colaboraci\u00f3n de los dem\u00e1s miembros de una producci\u00f3n teatral, sino que tambi\u00e9n necesita al espectador, \u201c<em>todos pueden sumergirse juntos en un mundo lleno de fantas\u00eda, de verdad, de ilusi\u00f3n, de escucha, de emociones, de sentimientos..<\/em>.\u201d Sobre este concepto reflexiona Yoly Garc\u00eda, veterana alumna, participante en los tres montajes de nuestros alumnos, quien siente que escondemos nuestros sentimientos de los dem\u00e1s. En el mundo real tenemos miedo del pr\u00f3jimo.<\/p>\n\n\n\n<blockquote class=\"wp-block-quote is-layout-flow wp-block-quote-is-layout-flow\">\n<p>Hemos perdido parte de nuestra humanidad, hemos llegado al punto extremo del individualismo&#8230; Pero el teatro es compartir, es trabajar unidos, es conocernos, es permitir que otros nos conozcan, es desinhibirte de prejuicios y de pensamientos err\u00f3neos. El teatro te ayuda a no juzgar a nadie, a aceptar a quien tienes al lado y a compartir momentos \u00fanicos llen\u00e1ndolos de experiencias muy valiosas.<\/p>\n<\/blockquote>\n\n\n\n<p>El teatro forma parte de la cura que nuestro convulso mundo moderno necesita.<\/p>\n\n\n\n<blockquote class=\"wp-block-quote is-layout-flow wp-block-quote-is-layout-flow\">\n<p>El teatro es una cura para una sociedad enferma de soledad.<\/p>\n<\/blockquote>\n\n\n\n<p>Concluye Yoly.<\/p>\n\n\n\n<p>\u00bfY c\u00f3mo se materializa esa cura? \u00c1lvaro Dap\u00eda, nuestro <em>Coronel Arbuthnot<\/em> de la obra del grupo de los martes,<em><strong> \u201cAsesinato en el Orient Express\u201d<\/strong><\/em>, piensa que esa cura es la oportunidad maravillosa que el teatro aporta para dedicarle m\u00e1s tiempo a la observaci\u00f3n, la reflexi\u00f3n y la creatividad.<\/p>\n\n\n\n<blockquote class=\"wp-block-quote is-layout-flow wp-block-quote-is-layout-flow\">\n<p>Vivimos en una sociedad acelerada en general, en la que nos cargamos de est\u00edmulos constantemente.<\/p>\n<\/blockquote>\n\n\n\n<p>&nbsp;\u00c1lvaro habla de una desconexi\u00f3n de uno mismo que permite ver las cosas con cierta perspectiva.<\/p>\n\n\n\n<blockquote class=\"wp-block-quote is-layout-flow wp-block-quote-is-layout-flow\">\n<p>Eres un personaje que est\u00e1 viviendo una realidad muy distinta a la tuya. Viendo la realidad desde otro punto de vista, se potencian cualidades que son muy \u00fatiles en la sociedad actual, como la gesti\u00f3n emocional, la comprensi\u00f3n, el di\u00e1logo y la empat\u00eda.<\/p>\n<\/blockquote>\n\n\n\n<p>Mientras que Tanya Monter, alumna del musical y que interpreta a Luisa, esposa del protagonista, entiende esa cura teatral como \u201c<em>un entrenamiento sano<\/em>\u201d. Tal y como lo hace el ejercicio f\u00edsico con los m\u00fasculos y los huesos, practicar teatro ejercita nuestra mente, nuestras emociones y nuestra capacidad de raciocinio.<\/p>\n\n\n\n<blockquote class=\"wp-block-quote is-layout-flow wp-block-quote-is-layout-flow\">\n<p>Yo siento que el teatro, como arte que es, puede concientizar, llegar a tocar emociones que dif\u00edcilmente nos permitimos sentir en la vida cotidiana. Al mismo tiempo, el teatro es cultura, como lo son los libros, podemos aprender y conocer sin necesidad de estar f\u00edsicamente en los lugares donde representamos a un personaje.<\/p>\n<\/blockquote>\n\n\n\n<h3 class=\"wp-block-heading h3-entry\"><strong>\u00bfPuede la sociedad actual ayudar a mejorar la situaci\u00f3n del teatro?<\/strong><\/h3>\n\n\n\n<p>Si pensar en lo que el teatro puede hacer por la controvertida y peculiar situaci\u00f3n de nuestro mundo es materia de muchas horas de reflexi\u00f3n, pensar en la consecuente reflexi\u00f3n de lo que la sociedad actual puede hacer para ayudar a evolucionar al teatro, tampoco se queda corta.<\/p>\n\n\n\n<p>Para Marina confiar en las ense\u00f1anzas teatrales es una ayuda para aceptar mejor las desventuras de la vida diaria.<\/p>\n\n\n\n<blockquote class=\"wp-block-quote is-layout-flow wp-block-quote-is-layout-flow\">\n<p>Creo que debemos permitirnos dejarnos llevar m\u00e1s por el teatro. Pienso que el teatro est\u00e1 en todas partes: en la forma en la que le cuentas a tu amiga un drama con tu pareja, en la manera que tienes de sentarte a tomar un caf\u00e9 en una terraza pensando que puede ocurrir algo, en la expresi\u00f3n de la cara cuando te dan una exclusiva o en la manera de interactuar con los dem\u00e1s. Puedes tomarte la vida cien por cien en serio o puedes formar parte del teatro permiti\u00e9ndote: sentir, cantar, re\u00edr a carcajadas o bailar ante las situaciones del d\u00eda a d\u00eda. Quiz\u00e1 de esa manera se d\u00e9 m\u00e1s importancia a las historias que transcurren sobre un escenario para ayudar a las de las calles.<\/p>\n<\/blockquote>\n\n\n\n<p>Para \u00c1lvaro, ir al teatro o practicar teatro es una forma de desbloquear no s\u00f3lo una forma diferente de entretenimiento, sino una manera m\u00e1s de vivir una vida m\u00e1s completa, por ello, apuesta por darle m\u00e1s visibilidad a la actividad. Por eso cree que la sociedad deber\u00eda fomentar m\u00e1s la oportunidad de conocerlo y disfrutarlo.<\/p>\n\n\n\n<blockquote class=\"wp-block-quote is-layout-flow wp-block-quote-is-layout-flow\">\n<p>Mucha gente no lo disfruta simplemente por desconocimiento. Creo que en la mayor\u00eda de los c\u00edrculos de amigos o familiares no hay cultura ni costumbre de disfrutar de representaciones teatrales con frecuencia. L\u00f3gicamente es \u201cc\u00f3modo\u201d sumergirse en historias desde nuestro sof\u00e1, ya sea en pel\u00edculas o libros, pero ir a ver una representaci\u00f3n a un teatro, compartirlo con m\u00e1s personas y ver a gente de carne y hueso representar una historia justo delante, es una sensaci\u00f3n completamente diferente e incre\u00edble.<\/p>\n<\/blockquote>\n\n\n\n<blockquote class=\"wp-block-quote is-layout-flow wp-block-quote-is-layout-flow\">\n<p>El teatro no es ajeno a las din\u00e1micas del mundo.<\/p>\n<\/blockquote>\n\n\n\n<p>As\u00ed se arrancaba \u00c1ngel a dar su opini\u00f3n. Tiene claro que la sociedad no puede vivir ajena a la realidad del mundo teatral, ha de ser consecuente con todas las facetas de la profesi\u00f3n, entendiendo que es un mundo plural, diverso, una actividad en la que es necesario el respeto y la dignificaci\u00f3n tanto del \u00e1rea <em>amateur<\/em> como profesional.<\/p>\n\n\n\n<blockquote class=\"wp-block-quote is-layout-flow wp-block-quote-is-layout-flow\">\n<p>Ser part\u00edcipe, como aficionado, de un teatro que no se sienta s\u00f3lo como un negocio. Y ser part\u00edcipe, como profesional, tratando de dignificar un sector al que, por seguro, se le tiene cari\u00f1o y pasi\u00f3n.<\/p>\n<\/blockquote>\n\n\n\n<p>La reflexi\u00f3n de Ana pasa por dejar claro que en el plano cultural, social y pol\u00edtico actual se est\u00e1n haciendo acciones para evolucionar el estado del teatro, pero manifiesta su preocupaci\u00f3n por ciertas actitudes que limitan ese avance.<\/p>\n\n\n\n<blockquote class=\"wp-block-quote is-layout-flow wp-block-quote-is-layout-flow\">\n<p>Esos intentos no llegar\u00e1n muy lejos si no se demuestra un inter\u00e9s real por el teatro y se ponen trabas a las iniciativas creativas de las personas. Lo primero que deber\u00eda hacer la sociedad es valorar todas las actuaciones, incluso las m\u00e1s peque\u00f1as y amateur, y denunciar actos como que un teatro se remodele y se convierta en un Burger King.<\/p>\n<\/blockquote>\n\n\n\n<h3 class=\"wp-block-heading h3-entry\"><strong>Antes de acudir a una clase de teatro, \u00bfqu\u00e9 pasa por nuestra mente?<\/strong><\/h3>\n\n\n\n<p>Y \u00bfqu\u00e9 es lo que piensa alguien antes de apuntarse a una clase de teatro? Preguntamos a nuestros alumnos para ver qu\u00e9 expectativas ten\u00edan antes de cruzar nuestra puerta, y entre ellos hay disparidad de opiniones. Alumnos como \u00c1ngel o \u00c1lvaro no ten\u00edan una idea preconcebida.<\/p>\n\n\n\n<blockquote class=\"wp-block-quote is-layout-flow wp-block-quote-is-layout-flow\">\n<p>(&#8230;) me causaba bastante curiosidad, de hecho (\u2026) No me imaginaba que a trav\u00e9s de los juegos y las mec\u00e1nicas que hacemos para trabajar los aspectos t\u00e9cnicos, se pod\u00eda mejorar tanto.<\/p>\n<\/blockquote>\n\n\n\n<p>Opina \u00c1lvaro. Y es que uno de los objetivos de una clase de teatro es que podamos sorprendernos a nosotros mismos con nuestra capacidad para imaginar y expresar, ya que normalmente no somos conscientes de la riqueza creativa que albergamos en nuestro interior, por eso es tan liberador descubrirla. Para \u00c1ngel, la sorpresa se materializ\u00f3 en el descubrimiento de qu\u00e9 es el trabajo de personaje. <\/p>\n\n\n\n<blockquote class=\"wp-block-quote is-layout-flow wp-block-quote-is-layout-flow\">\n<p>En mi cabeza, el personaje se trabajaba haciendo las escenas una y otra vez, mejorando a base de correcciones. No me esperaba tanto \u00e9nfasis en el movimiento, en c\u00f3mo el personaje tiene que ocupar el escenario.<\/p>\n<\/blockquote>\n\n\n\n<p>Otros alumnos como Ana y Marina s\u00ed que se hab\u00edan hecho una idea antes de acudir a nuestra clase, ya fuera gracias al testimonio de otras personas, como en el caso de Ana que<\/p>\n\n\n\n<blockquote class=\"wp-block-quote is-layout-flow wp-block-quote-is-layout-flow\">\n<p>(&#8230;) conoc\u00eda a algunas personas que ya hab\u00edan hecho teatro antes. Cuando interpretaban algo, sent\u00eda que lo llevaban dentro y que era algo que consegu\u00edan porque ten\u00edan mucho talento.<\/p>\n<\/blockquote>\n\n\n\n<p>O gracias a un objetivo personal largamente pospuesto, como en el caso de Marina:<\/p>\n\n\n\n<blockquote class=\"wp-block-quote is-layout-flow wp-block-quote-is-layout-flow\">\n<p>La idea preconcebida fue tal cual ocurri\u00f3. Esperaba pas\u00e1rmelo bien, aprender de los compa\u00f1eros, empaparme de la energ\u00eda de una escena\u2026 Todo fue tal y como pensaba y doy las gracias por haber elegido priorizarme y delegar responsabilidades para sacar unas horas a la semana para hacer algo de lo que siempre quise formar parte.<\/p>\n<\/blockquote>\n\n\n\n<p>Nos alegra saber que, tanto la idea fabricada como la experiencia vivida con nosotros, coincidieron satisfactoriamente.<\/p>\n\n\n\n<h3 class=\"wp-block-heading h3-entry\"><strong>Entonces, \u00bfpor qu\u00e9 crees que el teatro es tan atrayente?<\/strong><\/h3>\n\n\n\n<p>Hay preguntas que son ineludibles, necesarias, pero que curiosamente se repiten a\u00f1o tras a\u00f1o, ya que parece que no estamos muy seguros de su respuesta. Preguntas que tienen una respuesta abierta o m\u00faltiples respuestas, como se prefiera expresar. El caso es que nos sentimos inquietos, tratando de darles un cierre, volviendo una y otra vez a formularlas y obteniendo siempre diferentes contestaciones.<\/p>\n\n\n\n<p>En esa categor\u00eda de respuestas eternas y trascendentales nos encontramos con la siguiente; \u00bfqu\u00e9 es aquello que tiene el teatro que lo hace tan atrayente? \u00bfCu\u00e1l es el truco? \u00bfCu\u00e1l es esa droga esc\u00e9nica que te hace, una vez que lo has probado, jam\u00e1s querer abandonar el subirte a los escenarios? Ya van diez a\u00f1os de andadura en Viesqueswood, muchas obras de teatro, muchas clases impartidas, varios art\u00edculos escritos y un n\u00famero incontable de obras art\u00edsticas disfrutadas y, sin embargo, seguimos haci\u00e9ndonos esa misma pregunta o variaciones de la misma\u2026 De nuevo, volvemos a so\u00f1ar con la respuesta y les preguntamos a ellos, a nuestros alumnos.<\/p>\n\n\n\n<p>Para Lorena P\u00e9rez encargada de dar vida al papel de la andr\u00f3gina recepcionista de <em><strong>\u201cItalia\u201d<\/strong><\/em> el querer m\u00e1s y m\u00e1s del teatro est\u00e1 relacionado con la autenticidad del arte.<\/p>\n\n\n\n<blockquote class=\"wp-block-quote is-layout-flow wp-block-quote-is-layout-flow\">\n<p>En cada obra, lo esencial es estar en el momento presente.<\/p>\n<\/blockquote>\n\n\n\n<p>Cada funci\u00f3n nos regala algo \u00fanico y especial.<\/p>\n\n\n\n<blockquote class=\"wp-block-quote is-layout-flow wp-block-quote-is-layout-flow\">\n<p>No hay dos funciones iguales, aunque tengan una misma estructura, y esa energ\u00eda en directo es algo que no se puede replicar en otros medios. (\u2026) La emoci\u00f3n se transmite de una forma que te envuelve y, esa conexi\u00f3n inmediata, sin filtros, hace que la experiencia sea mucho m\u00e1s real para el espectador.<\/p>\n<\/blockquote>\n\n\n\n<p>Es el desaf\u00edo de la actividad en directo, el subid\u00f3n de adrenalina que muchos son incapaces de rechazar. Perseguimos, como opina Ana, el amor por una actividad que desarrolla todo su potencial en el marco del presente m\u00e1s inmediato. En teatro no hay pasado ni futuro, se vive el momento presente.<\/p>\n\n\n\n<blockquote class=\"wp-block-quote is-layout-flow wp-block-quote-is-layout-flow\">\n<p>En una pel\u00edcula, ya sabes que todo va a estar como quiso el director. Han hecho muchas tomas y se han elegido las mejores, no va a haber contratiempos. En el teatro eso no est\u00e1 asegurado, as\u00ed que el hecho de que una escena dif\u00edcil salga bien, los personajes creen un aura que emocione al p\u00fablico o el cantante llegue a la nota m\u00e1s dif\u00edcil en el momento \u00e1lgido del musical, se vive de otra manera.<\/p>\n<\/blockquote>\n\n\n\n<p>Tenemos que pensar en la cercan\u00eda. El teatro est\u00e1 ocurriendo delante de nosotros los espectadores o lo estamos viviendo en carne propia, cuando nos convertimos en actores. Y eso es algo que para \u00c1ngel no pasa en otras disciplinas art\u00edsticas.<\/p>\n\n\n\n<blockquote class=\"wp-block-quote is-layout-flow wp-block-quote-is-layout-flow\">\n<p>En la pintura, la escultura, el cine o la fotograf\u00eda, la interacci\u00f3n del p\u00fablico es mediada, pues se da a trav\u00e9s del soporte; el papel, la piedra, el lienzo o la pantalla. En cambio, cuando uno ve o participa en una representaci\u00f3n teatral, est\u00e1 en el mismo espacio f\u00edsico que el resto. Se siente como algo cercano. Es por eso mismo que mucha gente siente que el teatro grabado pierde algo, ese componente f\u00edsico y ef\u00edmero de algo que ocurre en el momento.<\/p>\n<\/blockquote>\n\n\n\n<p>Y c\u00f3mo olvidar uno de los pilares que hacen del teatro lo que es: el juego. Sin juego no existir\u00eda el teatro. No en vano los ingleses utilizan el verbo jugar <em>play<\/em> para decir que est\u00e1n actuando.<\/p>\n\n\n\n<figure class=\"wp-block-gallery has-nested-images columns-default is-cropped wp-block-gallery-2 is-layout-flex wp-block-gallery-is-layout-flex\">\n<figure class=\"wp-block-image size-large\"><img loading=\"lazy\" decoding=\"async\" width=\"2048\" height=\"1365\" data-id=\"783\" src=\"https:\/\/produccionesviesqueswood.com\/blog\/wp-content\/uploads\/2025\/03\/WhatsApp-Image-2025-03-29-at-00.25.12-5.jpeg\" alt=\"Fede, Dani y Yoly en una coreograf\u00eda surgida del juego de la improvisaci\u00f3n en &quot;Historias del museo&quot;.\" class=\"wp-image-783\" srcset=\"https:\/\/produccionesviesqueswood.com\/blog\/wp-content\/uploads\/2025\/03\/WhatsApp-Image-2025-03-29-at-00.25.12-5.jpeg 2048w, https:\/\/produccionesviesqueswood.com\/blog\/wp-content\/uploads\/2025\/03\/WhatsApp-Image-2025-03-29-at-00.25.12-5-768x512.jpeg 768w, https:\/\/produccionesviesqueswood.com\/blog\/wp-content\/uploads\/2025\/03\/WhatsApp-Image-2025-03-29-at-00.25.12-5-1536x1024.jpeg 1536w\" sizes=\"(max-width: 2048px) 100vw, 2048px\" \/><figcaption class=\"wp-element-caption\">Fede, Dani y Yoly en una coreograf\u00eda surgida del juego de la improvisaci\u00f3n en \u00abHistorias del museo\u00bb.<\/figcaption><\/figure>\n\n\n\n<figure class=\"wp-block-image size-large\"><img loading=\"lazy\" decoding=\"async\" width=\"1365\" height=\"2048\" data-id=\"781\" src=\"https:\/\/produccionesviesqueswood.com\/blog\/wp-content\/uploads\/2025\/03\/WhatsApp-Image-2025-03-29-at-00.25.12-3.jpeg\" alt=\"\u00c1lvaro, Llara, Clara e Irene en una escena creada a trav\u00e9s de improvisaciones en &quot;Hans el Monstruo&quot;.\" class=\"wp-image-781\" srcset=\"https:\/\/produccionesviesqueswood.com\/blog\/wp-content\/uploads\/2025\/03\/WhatsApp-Image-2025-03-29-at-00.25.12-3.jpeg 1365w, https:\/\/produccionesviesqueswood.com\/blog\/wp-content\/uploads\/2025\/03\/WhatsApp-Image-2025-03-29-at-00.25.12-3-768x1152.jpeg 768w, https:\/\/produccionesviesqueswood.com\/blog\/wp-content\/uploads\/2025\/03\/WhatsApp-Image-2025-03-29-at-00.25.12-3-1024x1536.jpeg 1024w\" sizes=\"(max-width: 1365px) 100vw, 1365px\" \/><figcaption class=\"wp-element-caption\">\u00c1lvaro, Llara, Clara e Irene en una escena creada a trav\u00e9s de improvisaciones en \u00abHans el Monstruo\u00bb.<\/figcaption><\/figure>\n<\/figure>\n\n\n\n<blockquote class=\"wp-block-quote is-layout-flow wp-block-quote-is-layout-flow\">\n<p>Hacer teatro invita a volver a ser un ni\u00f1o cuyo \u00fanico objetivo es jugar y divertirse, sin prejuicios ni verg\u00fcenza, olvidando los l\u00edmites de la edad adulta, sin pensar, sumergirse en un mundo lleno de posibilidades dejando a la imaginaci\u00f3n todo el poder.<\/p>\n<\/blockquote>\n\n\n\n<p>Es la opini\u00f3n de Elena Fidalgo, tambi\u00e9n compa\u00f1era del grupo de los mi\u00e9rcoles, qui\u00e9n interpretar\u00e1 a <em>Lilli<\/em>, la encargada de vestuario y mejor amiga del director<em> Guido Contini<\/em>. &nbsp;Aunque recordar que nunca es tarde para volver a ser ni\u00f1os, no nos resulta sencillo.<\/p>\n\n\n\n<blockquote class=\"wp-block-quote is-layout-flow wp-block-quote-is-layout-flow\">\n<p>A veces es dif\u00edcil dejar fuera las inseguridades y el <em>no puedo<\/em>, pero esa parte es la m\u00e1s importante a superar y se logra casi sin querer con mucha diversi\u00f3n.<\/p>\n<\/blockquote>\n\n\n\n<p>Para ella, adem\u00e1s de divertido, el teatro es una actividad muy liberadora en todos los sentidos.<\/p>\n\n\n\n<p>Llegados a este punto en la reflexi\u00f3n, los m\u00e1s motivados, piensan a lo grande. Estamos seguros de que todo aquel que se meta de lleno en un montaje teatral va a disfrutar con todas las facetas del mismo, pero especialmente al final del camino, con la satisfacci\u00f3n de un trabajo bien hecho. Y ese es precisamente el caso de \u00c1lvaro.<\/p>\n\n\n\n<blockquote class=\"wp-block-quote is-layout-flow wp-block-quote-is-layout-flow\">\n<p>Es cierto que cuando se prueba no se quiere dejar as\u00ed como as\u00ed. (\u2026) te juntas con un grupo de personas de las que aprendes continuamente y juntos particip\u00e1is en proyectos que requieren trabajo, esfuerzo y dedicaci\u00f3n. La sensaci\u00f3n de ver el resultado y ver c\u00f3mo la gente disfruta con lo que hac\u00e9is, es una satisfacci\u00f3n impagable, cuando tienes esa sensaci\u00f3n una vez, ya no hay vuelta atr\u00e1s.<\/p>\n<\/blockquote>\n\n\n\n<p>Aunque tambi\u00e9n podr\u00eda ser que la respuesta tuviera que ver con algo m\u00e1s cotidiano, algo menos elevado\u2026 Porque al final, como bien dice Marina, las gentes del teatro somos muy pesadas con lo que nos gusta.<\/p>\n\n\n\n<blockquote class=\"wp-block-quote is-layout-flow wp-block-quote-is-layout-flow\">\n<p>Somos muy pesados con lo bien que nos lo pasamos y lo bien que nos sienta formar parte del teatro, hasta el punto de que transmitimos una energ\u00eda que acaba resonando en el mundo entero.<\/p>\n<\/blockquote>\n\n\n\n<h3 class=\"wp-block-heading h3-entry\"><strong>Descubrimientos compartidos<\/strong><\/h3>\n\n\n\n<p>A lo largo de los cursos han pasado un mont\u00f3n de personas por nuestra escuela, personas muy distintas, de edades y entornos diversos, con mochilas muy diferentes sobre sus espaldas, pero es curioso c\u00f3mo son dos las cosas que principalmente les llaman la atenci\u00f3n. Por un lado, el surgimiento del concepto de grupo y, por otro, la vivencia de la desinhibici\u00f3n. Conceptos que van intr\u00ednsecamente relacionados.<\/p>\n\n\n\n<p>Cuando hablamos de grupo, \u00bfde qu\u00e9 hablamos en teatro?<\/p>\n\n\n\n<blockquote class=\"wp-block-quote is-layout-flow wp-block-quote-is-layout-flow\">\n<p>Me sorprendi\u00f3 el espacio seguro que se formaba. Cualquiera puede proponer algo y el resto le van a seguir, porque no hay ideas malas. Puedes ser espont\u00e1neo y nadie va a juzgar por qu\u00e9 se te ha ocurrido una frase o una acci\u00f3n. Lo que van a hacer es aportar y enriquecer tu idea, porque al final, en el escenario todos somos un equipo.<\/p>\n<\/blockquote>\n\n\n\n<p>En sus palabras, Ana lo deja claro, el teatro tiene raz\u00f3n de ser por esa confianza y esa generosidad con qui\u00e9n est\u00e1 a tu lado. En nuestro d\u00eda a d\u00eda lo ignoramos, pero el teatro nos lo recuerda, el ser humano es un ser social que necesita de los dem\u00e1s para poder desarrollarse. Creemos que el teatro puede ser uno de los mecanismos humanos que mejor representa esa idea esencial, pues en teatro se forman lazos que se mantendr\u00e1n en el tiempo.<\/p>\n\n\n\n<blockquote class=\"wp-block-quote is-layout-flow wp-block-quote-is-layout-flow\">\n<p>Lo que m\u00e1s me ha sorprendido en una clase de teatro es ver como personas que no se conocen de nada, de diferentes edades, de diferentes pa\u00edses, de diferentes creencias, profesiones, gustos, ideolog\u00edas, etc&#8230; Convergen en un tiempo y espacio y todos se vuelven uno&nbsp;compartiendo risas, cantos, bailes, dramas, juegos (&#8230;) Con todo esto, unidos, llegamos a crear juntos una historia en la que todos somos protagonistas de lo que hemos creado. Es sorprendente ver la evoluci\u00f3n de cada uno, no s\u00f3lo como alumno sino tambi\u00e9n como persona. Se crean lazos que llegan a traspasar el paso del tiempo.<\/p>\n<\/blockquote>\n\n\n\n<p>Nosotros estamos con Yoly y estas bonitas palabras. Mantendremos esos lazos creados con nuestros compa\u00f1eros, por lo menos, siempre en nuestro recuerdo gracias a las experiencias compartidas. En definitiva, \u201c<em>un buen ambiente<\/em>\u201d y \u201c<em>una atm\u00f3sfera de colaboraci\u00f3n<\/em>\u201d para \u00c1ngel eso es lo que posibilita que podamos hablar del concepto de grupo.<\/p>\n\n\n\n<figure class=\"wp-block-image size-full\"><img loading=\"lazy\" decoding=\"async\" width=\"2048\" height=\"1365\" src=\"https:\/\/produccionesviesqueswood.com\/blog\/wp-content\/uploads\/2025\/03\/WhatsApp-Image-2025-03-29-at-00.25.11-1.jpeg\" alt=\"Foto final tras la representaci\u00f3n de teatro &quot;Historias del museo&quot; en el &quot;Museo Fundaci\u00f3n Evarsito Valle&quot;.\" class=\"wp-image-763\" srcset=\"https:\/\/produccionesviesqueswood.com\/blog\/wp-content\/uploads\/2025\/03\/WhatsApp-Image-2025-03-29-at-00.25.11-1.jpeg 2048w, https:\/\/produccionesviesqueswood.com\/blog\/wp-content\/uploads\/2025\/03\/WhatsApp-Image-2025-03-29-at-00.25.11-1-768x512.jpeg 768w, https:\/\/produccionesviesqueswood.com\/blog\/wp-content\/uploads\/2025\/03\/WhatsApp-Image-2025-03-29-at-00.25.11-1-1536x1024.jpeg 1536w\" sizes=\"(max-width: 2048px) 100vw, 2048px\" \/><figcaption class=\"wp-element-caption\">Foto final tras la representaci\u00f3n de teatro \u00abHistorias del museo\u00bb en el \u00abMuseo Fundaci\u00f3n Evarsito Valle\u00bb.<\/figcaption><\/figure>\n\n\n\n<p>Y retomando los descubrimientos m\u00e1s repetidos por los alumnos, nos topamos ahora con la sensaci\u00f3n de espontaneidad, de obrar sin reservas; la desinhibici\u00f3n. Fuera de ideas preconcebidas como desnudarse o decir muchas palabrotas, la desinhibici\u00f3n es mucho m\u00e1s, es algo m\u00e1s profundo. Va de la mano con explorar nuestros bloqueos internos y con la satisfacci\u00f3n que obtenemos de habernos atrevido a investigar.<\/p>\n\n\n\n<p>Muy importante decir que cada persona llega hasta donde quiera, cada uno puede empujar sus propios l\u00edmites para vencer su situaci\u00f3n de confort y explorar los terrenos del descubrimiento. Lo importante es saber cu\u00e1les son los l\u00edmites individuales de cada uno, ser honesto y confiar en el trabajo, saber que se pueden romper barreras en el espacio seguro del teatro, siempre por conseguir un fin, sin hacerse da\u00f1o ni hac\u00e9rselo a los dem\u00e1s, bajo la atenta y cari\u00f1osa mirada de un profesional que vela por obtener un fin art\u00edstico. Entendido esto, y gracias a ello, pasan cosas maravillosas. \u201c<em>Perder por completo la noci\u00f3n del tiempo y llegar a hacer cosas que jam\u00e1s pens\u00e9 que fuera capaz a hacer<\/em>\u201d sensaciones que nos trasmite Marina.<\/p>\n\n\n\n<blockquote class=\"wp-block-quote is-layout-flow wp-block-quote-is-layout-flow\">\n<p>La sensaci\u00f3n de satisfacci\u00f3n y motivaci\u00f3n con la que acabo las clases es un momento del d\u00eda en el que desconectas a tal nivel que olvidas completamente los problemas y situaciones del d\u00eda a d\u00eda, no eres juzgado por nada y puedes dejarlo todo salir sin filtros. Es como si por unas horas, dejase mis cosas de lado y me juntase con un grupo de personas, completamente diferentes entre nosotros, para crear cosas alucinantes.<\/p>\n<\/blockquote>\n\n\n\n<p>En estas palabras de \u00c1lvaro, se materializa de forma perfecta la relaci\u00f3n entre ambos conceptos: puedes sentirte seguro para explorar lo desconocido porque te rodean y apoyan otras personas que tambi\u00e9n quieren explorar lo desconocido, sorprenderse a s\u00ed mismas.<\/p>\n\n\n\n<h3 class=\"wp-block-heading h3-entry\"><strong>Con los pies en la tierra, hablemos de lo que tenemos entre manos.<\/strong><\/h3>\n\n\n\n<p>Como comentamos antes, ahora mismo, los grupos adultos tienen en marcha tres proyectos. Tres obras de teatro muy diferentes que estamos seguros van a causar sensaci\u00f3n.<\/p>\n\n\n\n<p>Los mi\u00e9rcoles se est\u00e1 preparando <em><strong>\u201cItalia\u201d<\/strong><\/em> que es una versi\u00f3n del musical de <em>Broadway <\/em>\u201c<em>Nine<\/em>\u201d pero que nosotros hemos adaptado a las caracter\u00edsticas del grupo de alumnos. La propuesta conserva esa esencia glamurosa de las pel\u00edculas italianas de la \u00e9poca dorada del cine italiano, esa <em>Dolce Vita <\/em>de esplendor y glamur que son el marco de la historia de <em>Guido <\/em>un director de cine en plena crisis profesional y existencial. Un proyecto conceptual muy interesante, de gran profundidad actoral. Marina est\u00e1 entusiasmada con el proyecto.<\/p>\n\n\n\n<blockquote class=\"wp-block-quote is-layout-flow wp-block-quote-is-layout-flow\">\n<p>Lo que m\u00e1s me gusta de la obra es la historia, la puesta en escena, la conexi\u00f3n con el resto de personajes\u2026<\/p>\n<\/blockquote>\n\n\n\n<p>Parece que le es imposible escoger s\u00f3lo uno de los aspectos del montaje. Mientras que su compa\u00f1era Tanya, est\u00e1 encantada con la llegada de nuevos compa\u00f1eros y \u201c<em>la variedad de personajes<\/em>\u201d, pues va a ser todo un reto llevarlo a cabo. Con <em><strong>\u201cItalia\u201d<\/strong><\/em>, los espectadores van a descubrir un musical con una narrativa no convencional.<\/p>\n\n\n\n<blockquote class=\"wp-block-quote is-layout-flow wp-block-quote-is-layout-flow\">\n<p>\u201cAunque no es una obra tan ligera como <em><strong>\u201cMamma Mia\u201d<\/strong><\/em> (nuestra propia versi\u00f3n la pod\u00e9is encontrar en nuestro<a href=\"https:\/\/www.youtube.com\/@produccionesviesqueswood\" rel=\"nofollow\"> canal de Youtube<\/a>), creo que la gente va a pasar un buen rato y va a disfrutar de los n\u00fameros musicales que son bastante vistosos, adem\u00e1s de poder identificarse con algunos de los personajes.<\/p>\n<\/blockquote>\n\n\n\n<p>Para Marina el espectador tiene una hermosa oportunidad de escapar de su complicada vida por un par de horas y de disfrutar de unas representaciones din\u00e1micas, con buenas historias.<\/p>\n\n\n\n<figure class=\"wp-block-embed is-type-video is-provider-youtube wp-block-embed-youtube wp-embed-aspect-16-9 wp-has-aspect-ratio\"><div class=\"wp-block-embed__wrapper\">\n<div class=\"responsive-video\"><iframe loading=\"lazy\" title=\"\u00a1Oh! \u00a1Madre m\u00eda! - Obra de teatro - Alumnos Viesqueswood\" width=\"755\" height=\"425\" data-cookieconsent=\"estad\u00edsticas, marketing\" data-src=\"https:\/\/www.youtube.com\/embed\/jOgIQoYNTVg?feature=oembed\" frameborder=\"0\" allow=\"accelerometer; autoplay; clipboard-write; encrypted-media; gyroscope; picture-in-picture; web-share\" referrerpolicy=\"strict-origin-when-cross-origin\" allowfullscreen><\/iframe><div class=\"cookieconsent-optout-statistics cookieconsent-optout-marketing\"><\/div><\/div>\n<\/div><figcaption class=\"wp-element-caption\">Obra de teatro completa &#8211; \u00a1Oh! \u00a1 Madre M\u00eda!<\/figcaption><\/figure>\n\n\n\n<p>Seguimos marcha atr\u00e1s en las citas semanales con el teatro aqu\u00ed en <em>Viesqueswood<\/em>, para hablaros de la propuesta de los martes. Este curso volvemos a elegir a la genial <em>Agatha Christie<\/em>, esta vez, con su conocida y ex\u00f3tica <em><strong>\u201cAsesinato en el Orient Express\u201d<\/strong><\/em>. \u00c1lvaro est\u00e1 emocionado con la propuesta y totalmente entregado a la magia del misterio.<\/p>\n\n\n\n<blockquote class=\"wp-block-quote is-layout-flow wp-block-quote-is-layout-flow\">\n<p>Me gusta literalmente todo. Las historias de Agatha Christie me atraparon much\u00edsimo desde adolescente y poder dar vida a una tan ic\u00f3nica me hace una ilusi\u00f3n incre\u00edble.<\/p>\n<\/blockquote>\n\n\n\n<p>En la historia seguiremos los pasos del afamado detective <em>H\u00e9rcules Poirot<\/em> mientras se enfrenta al caso m\u00e1s desconcertante de su carrera; un asesinato ocurrido en el lujoso tren con demasiados posibles sospechosos. La propuesta es un apetitoso desaf\u00edo para los compa\u00f1eros de los martes que tendr\u00e1n que garantizar el ritmo trepidante de la acci\u00f3n y unos personajes magn\u00e9ticos. Para \u00c1lvaro se ha convertido en una de sus obras favoritas.<\/p>\n\n\n\n<blockquote class=\"wp-block-quote is-layout-flow wp-block-quote-is-layout-flow\">\n<p>Tensi\u00f3n, suspense y curiosidad. Este tipo de historias detectivescas es lo que tienen, que enganchan desde el primer momento y hacen que el espectador vaya intentando resolver lo que pas\u00f3 simult\u00e1neamente al detective. Esto convierte la representaci\u00f3n en una experiencia mucho m\u00e1s inmersiva.<\/p>\n<\/blockquote>\n\n\n\n<p>Y llegamos a la cita con los lunes, el grupo que est\u00e1 trabajando en <strong><em>\u201cLa casa de los vampiros\u201d<\/em><\/strong>, una comedia basada en la pel\u00edcula del 2012 \u201c<em>Lo que hacemos en las sombras<\/em>\u201d. Ana, contenta con la posibilidad de interpretar a una de esas criaturas de la noche, aprecia realmente la oportunidad de trabajar de nuevo el humor.<\/p>\n\n\n\n<blockquote class=\"wp-block-quote is-layout-flow wp-block-quote-is-layout-flow\">\n<p>Me gusta el ritmo de la obra y que, aunque es una comedia como el a\u00f1o pasado, se est\u00e1 trabajando de forma distinta. No todas las comedias son lo mismo y cada cual tiene su dificultad.<\/p>\n<\/blockquote>\n\n\n\n<p>Sin duda, el tema vamp\u00edrico es uno de los puntos m\u00e1s atrayentes de la propuesta.<\/p>\n\n\n\n<blockquote class=\"wp-block-quote is-layout-flow wp-block-quote-is-layout-flow\">\n<p>Lo que m\u00e1s me gusta del actual montaje es la ambientaci\u00f3n y el juego que puede dar la caracterizaci\u00f3n. C\u00f3mo de una misma tem\u00e1tica, los vampiros, pueden surgir diferentes versiones.<\/p>\n<\/blockquote>\n\n\n\n<p>Y es que es una tem\u00e1tica recurrente en la mente colectiva, nos lleva fascinando cientos de a\u00f1os. Por lo que, en esta ocasi\u00f3n, vista desde la plataforma de la comedia, se parodia a los diferentes tipos de vampiros (tenemos un <em>dandy<\/em>, una bestia, un conde\u2026), as\u00ed que prometemos que va a ser una experiencia de muchas risas para el espectador. En palabras de \u00c1ngel:<\/p>\n\n\n\n<blockquote class=\"wp-block-quote is-layout-flow wp-block-quote-is-layout-flow\">\n<p>La obra, si bien no le va a dar una lecci\u00f3n vital trascendental al espectador, s\u00ed le puede servir para ver subvertida, de una manera divertida, la idea del vampiro, us\u00e1ndola para ver desde otro prisma cosas muy humanas, como la envidia, la necesidad de encajar o las din\u00e1micas de un grupo cerrado.<\/p>\n<\/blockquote>\n\n\n\n<p>Ana contin\u00faa defendiendo la parte m\u00e1s trascendental de esta comedia bufonesca.<\/p>\n\n\n\n<blockquote class=\"wp-block-quote is-layout-flow wp-block-quote-is-layout-flow\">\n<p>Aparte de unas buenas risas (\u2026) la obra tambi\u00e9n trata temas como el encajar en un grupo nuevo, la convivencia y la dificultad de expresar los sentimientos cuando se tiene miedo a las consecuencias.<\/p>\n<\/blockquote>\n\n\n\n<h3 class=\"wp-block-heading h3-entry\"><strong>Dando buenas noticias<\/strong><\/h3>\n\n\n\n<p>Nos encanta dar la noticia de lo que se va a trabajar con los alumnos. Es un momento de mucha ilusi\u00f3n, esperamos siempre que sea una buena sorpresa y que tenga una buena acogida, pues es el germen de un proyecto en el que vamos a invertir un mont\u00f3n de cosas y un proyecto con el que queremos que nuestros alumnos aprendan y se lo pasen como ni\u00f1os. Por eso, no hemos podido dejar pasar la oportunidad para preguntar cu\u00e1l fue el primer pensamiento que pas\u00f3 por sus cabezas cuando escucharon lo que iban a trabajar.<\/p>\n\n\n\n<p>Para Marina siempre es un momentazo:<\/p>\n\n\n\n<blockquote class=\"wp-block-quote is-layout-flow wp-block-quote-is-layout-flow\">\n<p>(&#8230;) recibir la noticia de poder dar vida a un personaje, en la obra que sea, me genera mucha emoci\u00f3n. R\u00e1pidamente siento la necesidad de investigar m\u00e1s sobre la \u00e9poca, el vestuario\u2026 Para impregnarme sobre lo que voy a hacer y poder decir: <em>vale, mis vibras a partir de ahora ir\u00e1n sobre esto<\/em>.<\/p>\n<\/blockquote>\n\n\n\n<p>Por su lado, Ana nos confiesa que su primer pensamiento fue \u201c<em>\u00a1Menos mal!<\/em>\u201d, remarcando el que se habr\u00eda quedado con much\u00edsimas ganas de no haber podido interpretar a un vampiro.<\/p>\n\n\n\n<blockquote class=\"wp-block-quote is-layout-flow wp-block-quote-is-layout-flow\">\n<p>Me hizo una ilusi\u00f3n incre\u00edble. Desde ni\u00f1o me atraparon las historias de detectives en general, y muchas de las de <em>Agatha Christie<\/em>. Me encanta el misterio y los rompecabezas.<\/p>\n<\/blockquote>\n\n\n\n<p>\u00c1lvaro se siente motivad\u00edsimo para dar lo mejor de s\u00ed gracias a esta historia tan ic\u00f3nica.<\/p>\n\n\n\n<blockquote class=\"wp-block-quote is-layout-flow wp-block-quote-is-layout-flow\">\n<p>Cuando supe que obra iba a ser, sinceramente no la hab\u00eda escuchado, busqu\u00e9 informaci\u00f3n y vi algunos videos de las puestas en escena y, a\u00fan no estaba 100% segura de que me motivara, pero todo cambio cuando vi la peli.<\/p>\n<\/blockquote>\n\n\n\n<p>Tanya se refiere a la pel\u00edcula del 2009 dirigida por <em>Rob Marshall<\/em>.<\/p>\n\n\n\n<blockquote class=\"wp-block-quote is-layout-flow wp-block-quote-is-layout-flow\">\n<p>Cuando supe que iba a ser Luisa, fui muy feliz \u00a1Era justo el personaje que m\u00e1s me motivaba representar! Sobre todo, por las canciones que interpreta.<\/p>\n<\/blockquote>\n\n\n\n<p>\u00c1ngel se sinti\u00f3 reticente al principio, \u201c<em>C\u00f3mo no, me toca el ruso<\/em>\u201d pero luego se sinti\u00f3 encantado. Luego ya vendr\u00eda otro pensamiento m\u00e1s serio, \u201cme va a costar hacerme a una forma de ser bastante diferente a la m\u00eda.\u201d As\u00ed que el proceso est\u00e1 lleno de interesantes altibajos.<\/p>\n\n\n\n<h3 class=\"wp-block-heading h3-entry\"><strong>\u00bfTe identificas con tu personaje?<\/strong><\/h3>\n\n\n\n<p>A\u00f1o tras a\u00f1o, una de las preguntas que m\u00e1s divertido nos resulta hacer es si se identifican con sus respectivos personajes. Hay respuestas para todos los gustos.<\/p>\n\n\n\n<p>Marina ha experimentado un proceso de identificaci\u00f3n con cada uno de los personajes que ha interpretado durante estos cursos:<\/p>\n\n\n\n<blockquote class=\"wp-block-quote is-layout-flow wp-block-quote-is-layout-flow\">\n<p>(&#8230;) porque pudieron vivir situaciones de las que fui part\u00edcipe en alg\u00fan momento de mi vida. \u00a0Mi personaje actual es una chica enamorada de una persona que la tiene <em>escondida<\/em> porque forma parte de su segunda vida. En mayor o menor medida, \u00bfqui\u00e9n no vivi\u00f3 ese drama?<\/p>\n<\/blockquote>\n\n\n\n<p>Para \u00c1lvaro, ser el coronel <em>Arbuthnot<\/em> supone vivenciar el <em>Ying <\/em>y el <em>Yang<\/em>.<\/p>\n\n\n\n<blockquote class=\"wp-block-quote is-layout-flow wp-block-quote-is-layout-flow\">\n<p>Dir\u00eda que, en parte, me identifico bastante con el perfil protector y el sentido de la justicia y del deber que tiene. Sin embargo, es un personaje con un pronto f\u00e1cil y que no gestiona del todo bien la ira, cosa que me cuesta m\u00e1s interpretar porque soy una persona que no saco esa faceta a relucir muy frecuentemente. Pero en l\u00edneas generales, es un personaje que me parece interesante de interpretar y me apetece meterme en su piel por estos meses para ir descubriendo sensaciones nuevas a medida que van pasando los ensayos.<\/p>\n<\/blockquote>\n\n\n\n<figure class=\"wp-block-image size-full\"><img loading=\"lazy\" decoding=\"async\" width=\"2040\" height=\"1530\" src=\"https:\/\/produccionesviesqueswood.com\/blog\/wp-content\/uploads\/2025\/03\/WhatsApp-Image-2025-03-29-at-00.25.11-4.jpeg\" alt=\"\u00c1lvaro en la piel del coronel Arbuthnot posando para el cartel de &quot;Asesinato en el Orient Express&quot;.\" class=\"wp-image-764\" srcset=\"https:\/\/produccionesviesqueswood.com\/blog\/wp-content\/uploads\/2025\/03\/WhatsApp-Image-2025-03-29-at-00.25.11-4.jpeg 2040w, https:\/\/produccionesviesqueswood.com\/blog\/wp-content\/uploads\/2025\/03\/WhatsApp-Image-2025-03-29-at-00.25.11-4-768x576.jpeg 768w, https:\/\/produccionesviesqueswood.com\/blog\/wp-content\/uploads\/2025\/03\/WhatsApp-Image-2025-03-29-at-00.25.11-4-1536x1152.jpeg 1536w\" sizes=\"(max-width: 2040px) 100vw, 2040px\" \/><figcaption class=\"wp-element-caption\">\u00c1lvaro en la piel del coronel Arbuthnot posando para el cartel de \u00abAsesinato en el Orient Express\u00bb.<\/figcaption><\/figure>\n\n\n\n<p>Y es que el trabajo en los sucesivos meses se torna intenso. Tanya opina sobre su fiel personaje, <em>Luisa<\/em>, la esposa del protagonista de <em><strong>\u201cItalia\u201d<\/strong><\/em>, identific\u00e1ndose con algunas cosas y con otras no tanto.<\/p>\n\n\n\n<blockquote class=\"wp-block-quote is-layout-flow wp-block-quote-is-layout-flow\">\n<p>Como mujer que lucha por conservar su matrimonio y lo apuesta todo por \u00e9l. Pero al mismo tiempo, como a veces dejas de realizarte y te conviertes en la sombra de lo que fuiste, o de tu pareja.<\/p>\n<\/blockquote>\n\n\n\n<p>Para Ana, meterse en la piel de una caprichosa vampira adolescente es darse una oportunidad de divertirse con lo que pudo ser y no fue:<\/p>\n\n\n\n<blockquote class=\"wp-block-quote is-layout-flow wp-block-quote-is-layout-flow\">\n<p>(&#8230;) siento que ella tiene algunas facetas que me habr\u00eda gustado tener en la adolescencia. Eso es lo bueno de poder interpretar a personajes, puedes disfrutarlos y hacer cosas a las que les ten\u00edas ganas.<\/p>\n<\/blockquote>\n\n\n\n<p>Elena, por su parte, ve una verdad intr\u00ednseca en todos los personajes.<\/p>\n\n\n\n<blockquote class=\"wp-block-quote is-layout-flow wp-block-quote-is-layout-flow\">\n<p>(&#8230;) creo que es fundamental sentir una conexi\u00f3n con el personaje, cada uno tiene su personalidad, pero, en realidad, todos somos muy parecidos en la b\u00fasqueda de la felicidad o encontrar nuestro lugar, por lo que creo que no es dif\u00edcil conectar con cualquier personaje, aunque parezca totalmente opuesto, siempre podemos encontrar un rasgo con el que identificarnos.<\/p>\n<\/blockquote>\n\n\n\n<p>Con esta filosof\u00eda, Elena abraza la idea de hacer cre\u00edbles a los personajes.<\/p>\n\n\n\n<p>La nota c\u00f3mica la pone nuestro entra\u00f1able \u00c1ngel, a quien le ha tocado la dif\u00edcil tarea de ser un vampiro, \u00a1pero qu\u00e9 tipo de vampiro!<\/p>\n\n\n\n<blockquote class=\"wp-block-quote is-layout-flow wp-block-quote-is-layout-flow\">\n<p>Todo lo que se puede identificar uno con un se\u00f1or de la guerra de la Europa del este medieval.<\/p>\n<\/blockquote>\n\n\n\n<p>Y es que sentirse <em>Vlad el empalador<\/em> se siente, \u00bfc\u00f3mo decirlo\u2026? \u00bfArriesgado?<\/p>\n\n\n\n<h3 class=\"wp-block-heading h3-entry\"><strong>Prepararse para interpretar a un personaje<\/strong><\/h3>\n\n\n\n<p>Tras hablar con ellos de identificaci\u00f3n, parece inevitable que esto nos lleve a preguntarles c\u00f3mo se preparan para convertirse en el otro, c\u00f3mo se meten en la piel de los personajes. Por ello, aunque intentamos trasmitir nuestra forma de trabajar y de descubrir qui\u00e9n es cada personaje, al final, y es lo bueno, cada persona que acude a una clase de teatro tiene sus propios y personales referentes en la creaci\u00f3n del personaje que sue\u00f1a encarnar.<\/p>\n\n\n\n<figure class=\"wp-block-image size-full\"><img loading=\"lazy\" decoding=\"async\" width=\"2040\" height=\"1530\" src=\"https:\/\/produccionesviesqueswood.com\/blog\/wp-content\/uploads\/2025\/03\/WhatsApp-Image-2025-03-29-at-00.25.10-2.jpeg\" alt=\"Yoly prepar\u00e1ndose para el personaje de Caroline en &quot;Asesinato en el Orient Express&quot;.\" class=\"wp-image-786\" srcset=\"https:\/\/produccionesviesqueswood.com\/blog\/wp-content\/uploads\/2025\/03\/WhatsApp-Image-2025-03-29-at-00.25.10-2.jpeg 2040w, https:\/\/produccionesviesqueswood.com\/blog\/wp-content\/uploads\/2025\/03\/WhatsApp-Image-2025-03-29-at-00.25.10-2-768x576.jpeg 768w, https:\/\/produccionesviesqueswood.com\/blog\/wp-content\/uploads\/2025\/03\/WhatsApp-Image-2025-03-29-at-00.25.10-2-1536x1152.jpeg 1536w\" sizes=\"(max-width: 2040px) 100vw, 2040px\" \/><figcaption class=\"wp-element-caption\">Yoly prepar\u00e1ndose para el personaje de Caroline en \u00abAsesinato en el Orient Express\u00bb.<\/figcaption><\/figure>\n\n\n\n<p>Algunos alumnos leen mucho, se empapan del contexto de la \u00e9poca de la representaci\u00f3n, buscan referentes en otras obras o exploran el mundo del autor del texto para entender el qui\u00e9n es y el c\u00f3mo se comporta su personaje. Marina nos cuenta que, para interpretar a la pasional <em>Carla<\/em>, amante de <em>Guido Contini<\/em>, le sirve de ayuda leer muchas veces el texto de la obra y tambi\u00e9n:<\/p>\n\n\n\n<blockquote class=\"wp-block-quote is-layout-flow wp-block-quote-is-layout-flow\">\n<p>(&#8230;) <em>crear en mi cabeza situaciones que le pueden ocurrir a mi personaje para entender c\u00f3mo afrontar\u00eda dichas experiencias<\/em>.<\/p>\n<\/blockquote>\n\n\n\n<p>Por su parte, \u00c1lvaro intenta aplicar la t\u00e9cnica actoral aprendida en las clases. Descubrir cu\u00e1l es la motivaci\u00f3n y lo que busca ese personaje, cu\u00e1les son sus valores y su forma de entender la vida. Adem\u00e1s de buscar qu\u00e9 rasgos de personalidad tiene, intentando llevarlos al m\u00e1ximo a trav\u00e9s de la forma de hablar, de mirar, de moverse y de interactuar con el resto de personajes. Pero no contento con eso, nuestro brit\u00e1nico coronel, se deja llevar por un reto inmersivo en su propia vida. Ha desarrollado un interesante m\u00e9todo a trav\u00e9s de la empat\u00eda y la resoluci\u00f3n de conflictos.<\/p>\n\n\n\n<blockquote class=\"wp-block-quote is-layout-flow wp-block-quote-is-layout-flow\">\n<p>A veces, incluso en situaciones de mi d\u00eda a d\u00eda pienso, \u00bfc\u00f3mo reaccionar\u00eda mi personaje ante esto que me est\u00e1 pasando? O \u00bfQu\u00e9 dir\u00eda ahora? Parece una locura, pero se descubren cosas, no s\u00f3lo para mejorar a tu personaje en la representaci\u00f3n, sino para enfrentar situaciones en tu vida de formas que ni te planteas.<\/p>\n<\/blockquote>\n\n\n\n<p>Otros alumnos, como Ana, se enfrentan a la creaci\u00f3n del personaje desde la exuberante categor\u00eda de la est\u00e9tica, desde el vestuario y la caracterizaci\u00f3n.<\/p>\n\n\n\n<blockquote class=\"wp-block-quote is-layout-flow wp-block-quote-is-layout-flow\">\n<p>A m\u00ed me ayuda much\u00edsimo pensar en el aspecto f\u00edsico y la ropa de mis personajes. Una vez lo tengo claro, siento que ya s\u00e9 c\u00f3mo son y c\u00f3mo se expresan. As\u00ed que despu\u00e9s de un par de clases, lo siguiente es coger el m\u00f3vil y buscar unos buenos <em>outfits<\/em>.<\/p>\n<\/blockquote>\n\n\n\n<p>Mientras que para algunos tiene m\u00e1s peso el dejarse llevar, el saber fluir durante los ensayos, como es el caso en la experiencia de \u00c1ngel.<\/p>\n\n\n\n<blockquote class=\"wp-block-quote is-layout-flow wp-block-quote-is-layout-flow\">\n<p>La preparaci\u00f3n es menos planificada de lo que me gustar\u00eda (como muchas cosas en mi d\u00eda a d\u00eda). Pero normalmente, (\u2026) la parte correspondiente a entender la energ\u00eda del personaje, la forma de actuar o c\u00f3mo se tiene que ver en el escenario, es algo que va surgiendo a medida que se suceden las clases, se busca la ropa para la caracterizaci\u00f3n y se incorporan los comentarios y aportaciones tanto de la profesora como del resto de los compa\u00f1eros.<\/p>\n<\/blockquote>\n\n\n\n<h3 class=\"wp-block-heading h3-entry\"><strong>La tem\u00e1tica de las obras<\/strong><\/h3>\n\n\n\n<p>Nos gusta elegir y proponer a los alumnos el hacer obras interesantes, que supongan un trabajo complejo. Por ello, la tem\u00e1tica en ellas ha de ser una cuesti\u00f3n que tenga mucha miga. Estamos convencidos de que, ya sean historias con m\u00e1s o menos profundidad, la tem\u00e1tica que nos proponen siempre va a ser una materia para el an\u00e1lisis y nos va a obsequiar con buenos momentos para el desarrollo de la interpretaci\u00f3n actoral.<\/p>\n\n\n\n<p>Ocup\u00e9monos primero del caso de <em><strong>\u201cItalia\u201d<\/strong><\/em> nuestro musical. La historia de este grupo es una historia en la que nos metemos de lleno en la mente de alguien, la de <em>Guido Contini<\/em>, famoso director de cine atrapado entre la realidad y la ficci\u00f3n. Incapaz de prevenir los mismos errores que lleva cometiendo toda su vida y, en quien Marina, se fija para hablarnos de un interesante concepto, el de persona <em>workalcoholic, <\/em>una persona adicta al trabajo. <em>Guido <\/em>est\u00e1 presionado por los dem\u00e1s, pero tambi\u00e9n por s\u00ed mismo, para grabar esa pel\u00edcula y que sea un \u00e9xito. No tanto el proyecto que necesita, el proyecto que le pide su arte, si no una buena obra, una obra maestra de la que todo el mundo se sienta orgulloso.<\/p>\n\n\n\n<blockquote class=\"wp-block-quote is-layout-flow wp-block-quote-is-layout-flow\">\n<p>Este tema est\u00e1 a la orden del d\u00eda. Solamente hay que sustituir el guion de cine por un trabajo o proyecto que es s\u00faper importante (\u2026) La \u00fanica diferencia con la vida real, es que no afrontamos las situaciones con canciones, brillantes y plumas\u2026 Ojal\u00e1 fuera as\u00ed.<\/p>\n<\/blockquote>\n\n\n\n<p>Los martes, \u00c1lvaro nos pide que rasquemos en la aparente frivolidad de una obra de misterio, de una historia basada en la resoluci\u00f3n de un crimen, pues en la configuraci\u00f3n de la misma, en las motivaciones y los porqu\u00e9s del proceder de los personajes, su autora nos habla de los l\u00edmites de la justicia o mejor dicho, de la subjetividad u objetividad de la aplicaci\u00f3n de esa justicia.<\/p>\n\n\n\n<blockquote class=\"wp-block-quote is-layout-flow wp-block-quote-is-layout-flow\">\n<p>Hoy en d\u00eda nos cuestionamos continuamente si las leyes est\u00e1n bien escritas, si solamente un texto puede ser aplicable para muchas situaciones y muchos contextos. En la obra se cuestiona si matar a una persona que mat\u00f3 y seguir\u00e1 matando est\u00e1 mal.<\/p>\n<\/blockquote>\n\n\n\n<p>\u00c1lvaro expone lo que es una intensa y eterna pregunta, la elecci\u00f3n de la ley y su conformaci\u00f3n muchas veces ser\u00e1 puesta en entredicho por el avance de la sociedad. Aunque tambi\u00e9n cabe la posibilidad de que sea al rev\u00e9s, la ley poniendo en entredicho a la sociedad. Y es este interesante dilema el que se plantea en ese tren y en ese viaje casi infinito del <em>Orient Express<\/em>. Y aunque sea una comedia gamberra y casi surrealista, <em><strong>\u201cLa casa de los vampiros\u201d<\/strong><\/em> no se queda atr\u00e1s en materia tem\u00e1tica. Si bien puede ser la m\u00e1s ligera de las propuestas en relaci\u00f3n a la tem\u00e1tica, es un buen ejemplo de c\u00f3mo el humor nos habla de cosas que le ata\u00f1en muy de cerca al ciudadano de a pie.<\/p>\n\n\n\n<blockquote class=\"wp-block-quote is-layout-flow wp-block-quote-is-layout-flow\">\n<p>M\u00e1s all\u00e1 de la ambientaci\u00f3n sobrenatural, cualquier espectador que haya compartido piso, o que est\u00e9 en un grupo de amigos m\u00e1s o menos establecido, ver\u00e1 similitudes con lo que en la obra se muestra y podr\u00e1 verse representado en alguno de los personajes.<\/p>\n<\/blockquote>\n\n\n\n<p>Dice \u00c1ngel. Y es que la obra plantea de forma divertida, aquellas peque\u00f1as desavenencias de la vida compartida, pero tambi\u00e9n nos habla de la amistad, de esa amistad que puede producirse hasta entre las criaturas m\u00e1s siniestras. Rizando el rizo, y siendo simp\u00e1ticamente clarividente, Ana aporta un nuevo punto de vista:<\/p>\n\n\n\n<blockquote class=\"wp-block-quote is-layout-flow wp-block-quote-is-layout-flow\">\n<p>Ahora mismo el tema de la vivienda est\u00e1\u2026 \u201c<em>complicado\u201d<\/em>, as\u00ed que ver a estos personajes tan ic\u00f3nicos convivir juntos puede que evoque ese tema.<\/p>\n<\/blockquote>\n\n\n\n<p>Sin duda, los espectadores urbanitas se ver\u00e1n identificados con algunas de las divertidas situaciones.<\/p>\n\n\n\n<h3 class=\"wp-block-heading h3-entry\"><strong>Hablemos de dificultad<\/strong><\/h3>\n\n\n\n<p>No podr\u00edamos hablar del proceso de creaci\u00f3n de una obra, sin hablar de dificultad. Tras una funci\u00f3n hay un mont\u00f3n de trabajo, de horas de ensayos, organizaci\u00f3n y trabajo de mesa en el que se planifica todo. Pero por mucho que algo se planifique, llega el momento de poner en pie aquellas ideas geniales, aquellos textos bonitos y aquellas acciones e incluso coreograf\u00edas, con las que hemos estado so\u00f1ando. Es entonces, cuando aparecen las dificultades naturales de todo aquel que se est\u00e1 esforzando para sacar algo adelante.<\/p>\n\n\n\n<p>Para algunos, como Tanya, no hay dudas, la parte m\u00e1s f\u00edsica, las coreograf\u00edas, se convierten en ese hueso duro de roer. \u201c<em>\u00a1El list\u00f3n est\u00e1 bastante alto!<\/em>\u201d y su compa\u00f1era de fatigas, Marina, puntualiza que es el alcanzar la coordinaci\u00f3n entre los que bailan, lo que le quita el sue\u00f1o.<\/p>\n\n\n\n<p>Otros ven la dificultad en aspectos m\u00e1s cercanos a su propia persona.<\/p>\n\n\n\n<blockquote class=\"wp-block-quote is-layout-flow wp-block-quote-is-layout-flow\">\n<p>El personaje al que interpreto tiene una personalidad bastante diferente a la m\u00eda y ser capaz de transmitirlo va a ser todo un desaf\u00edo.<\/p>\n<\/blockquote>\n\n\n\n<p>Opina motivad\u00edsimo \u00c1ngel. Mientras que, en los martes, \u00c1lvaro ocupa sus desvelos en mantenerse firme al texto de la obra.<\/p>\n\n\n\n<blockquote class=\"wp-block-quote is-layout-flow wp-block-quote-is-layout-flow\">\n<p>(&#8230;) yo estoy acostumbrado a quedarme con el concepto de la conversaci\u00f3n en la que interviene mi personaje e ir poniendo mis propias palabras, sin embargo, esto aqu\u00ed no funciona. Estamos representando una historia que acontece en los a\u00f1os 30, por lo tanto, la forma de hablar y expresiones, tienen que ce\u00f1irse al texto original para que vaya todo acorde.<\/p>\n<\/blockquote>\n\n\n\n<p>Para Ana, que el p\u00fablico llegue a captar la esencia de la obra, el lograr la simbiosis de todos los apartados, es lo m\u00e1s complejo.<\/p>\n\n\n\n<blockquote class=\"wp-block-quote is-layout-flow wp-block-quote-is-layout-flow\">\n<p>Me parece dif\u00edcil el juntarlo todo y que el p\u00fablico sienta de verdad que los personajes est\u00e1n conviviendo delante de ellos y que sus interacciones son naturales.<\/p>\n<\/blockquote>\n\n\n\n<p>Puntualiza la gran dificultad en conseguir el buen ritmo de la obra y que todo se sienta genuino, no ensayado.<\/p>\n\n\n\n<h3 class=\"wp-block-heading h3-entry\"><strong>Vestuario y escenograf\u00eda<\/strong><\/h3>\n\n\n\n<p>Uno de los apartados m\u00e1s interesantes es el vestuario. Es un mundo en s\u00ed mismo, de gran riqueza de opciones y significados. Y su compa\u00f1era, la escenograf\u00eda, tampoco se queda atr\u00e1s en posibilidades art\u00edsticas.<\/p>\n\n\n\n<p>Respecto al vestuario, <em><strong>\u201cItalia\u201d<\/strong><\/em> est\u00e1 ambientada en los primeros a\u00f1os 60 y, por ello, quer\u00edamos que el glamur de la ic\u00f3nica moda italiana estuviera muy presente. Los colores blanco y negro son la base, a lo que se complementa el color caracter\u00edstico escogido para cada personaje. En palabras de Tanya:<\/p>\n\n\n\n<blockquote class=\"wp-block-quote is-layout-flow wp-block-quote-is-layout-flow\">\n<p>El vestuario me gusta mucho, es bastante representativo de la \u00e9poca y muy vistoso para los n\u00fameros musicales.<\/p>\n<\/blockquote>\n\n\n\n<p>Respecto a la escenograf\u00eda, hemos querido recrear un decorado de una pel\u00edcula que est\u00e1 inconclusa, de esta manera tambi\u00e9n se ve reflejada la mente de <em>Guido<\/em>, con su crisis existencial, pues en su interior todo est\u00e1 <em>patas a arriba<\/em>, todo se empieza a desmoronar. A Marina este concepto le resulta muy interesante.<\/p>\n\n\n\n<blockquote class=\"wp-block-quote is-layout-flow wp-block-quote-is-layout-flow\">\n<p>Como muchas de las situaciones ocurren dentro de la mente del protagonista, invita a la inmersi\u00f3n tanto del actor como del espectador en la imaginaci\u00f3n de un director de cine.<\/p>\n<\/blockquote>\n\n\n\n<p>Tanya habla de su simplicidad, \u201c(&#8230;) <em>es casi minimalista, lo que no da oportunidad al espectador a distraerse mucho de la interpretaci\u00f3n de los personajes.<\/em>\u201d Los compa\u00f1eros del grupo del musical est\u00e1n trabajando muy unidos para sacar las mismas ideas y hacerse con vestuarios similares.<\/p>\n\n\n\n<p><strong><em>\u201cLa casa de los vampiros\u201d<\/em><\/strong> se sit\u00faa, como el propio t\u00edtulo dice, en una casa, es la mansi\u00f3n de nuestros queridos vampiros y viene a representar el sal\u00f3n comunitario, hogar de broncas, reencuentros, fiestas, descansos\u2026 Como tantos salones de nuestras casas, es el lugar que mejor representa lo que significa la palabra <em>hogar<\/em>. Y dato curioso, las gentes del grupo de los lunes agradecen una escenograf\u00eda elaborada, pero que no requiere tantos cambios esc\u00e9nicos como en pasadas ocasiones. Ana opina que el vestuario es divertido:<\/p>\n\n\n\n<blockquote class=\"wp-block-quote is-layout-flow wp-block-quote-is-layout-flow\">\n<p>(&#8230;) siento que podemos darle nuestro toque y sugerir lo que queramos para que nuestro personaje se sienta m\u00e1s real. Lechuguina (su personaje del pasado a\u00f1o) iba muy mona, pero su estilo no era algo que yo me quiera poner un s\u00e1bado de noche.<\/p>\n<\/blockquote>\n\n\n\n<figure class=\"wp-block-image size-full\"><img loading=\"lazy\" decoding=\"async\" width=\"2000\" height=\"1125\" src=\"https:\/\/produccionesviesqueswood.com\/blog\/wp-content\/uploads\/2025\/03\/WhatsApp-Image-2025-03-29-at-00.27.03-1.jpeg\" alt=\"Ana en el papel de Lechuguina Venenosa, en la obra de teatro &quot;Ratman y Bobin&quot;.\" class=\"wp-image-773\" srcset=\"https:\/\/produccionesviesqueswood.com\/blog\/wp-content\/uploads\/2025\/03\/WhatsApp-Image-2025-03-29-at-00.27.03-1.jpeg 2000w, https:\/\/produccionesviesqueswood.com\/blog\/wp-content\/uploads\/2025\/03\/WhatsApp-Image-2025-03-29-at-00.27.03-1-768x432.jpeg 768w, https:\/\/produccionesviesqueswood.com\/blog\/wp-content\/uploads\/2025\/03\/WhatsApp-Image-2025-03-29-at-00.27.03-1-1536x864.jpeg 1536w\" sizes=\"(max-width: 2000px) 100vw, 2000px\" \/><figcaption class=\"wp-element-caption\">Ana en el papel de Lechuguina Venenosa, en la obra de teatro \u00abRatman y Bobin\u00bb.<\/figcaption><\/figure>\n\n\n\n<p>Para \u00c1ngel, la dificultad va a situarse en \u201dh<em>acer personajes que se caracterizan de forma muy similar, pero de los cuales cada uno debe mantener su identidad propia<\/em>\u201d.<\/p>\n\n\n\n<p>El viaje de los martes promete ser muy estiloso y ex\u00f3tico. No en vano el <em>Orient Express<\/em> es un tren de lujo y nosotros hemos querido capturar su esencia. \u00c1lvaro cree que el vestuario es uno de los puntos fuertes de la obra.<\/p>\n\n\n\n<blockquote class=\"wp-block-quote is-layout-flow wp-block-quote-is-layout-flow\">\n<p>Es muy distinto a c\u00f3mo vestimos hoy en d\u00eda, los a\u00f1os 30 fueron una \u00e9poca con indumentarias muy estilosas y caracter\u00edsticas. Creo que el resultado final, con vestuario y escenograf\u00eda van a hacer al espectador meterse de lleno en esa \u00e9poca y vivir la historia como un pasajero m\u00e1s del tren.<\/p>\n\n\n\n<figure class=\"wp-block-image size-full\"><img loading=\"lazy\" decoding=\"async\" width=\"2040\" height=\"1530\" src=\"https:\/\/produccionesviesqueswood.com\/blog\/wp-content\/uploads\/2025\/03\/WhatsApp-Image-2025-03-29-at-00.25.10-3.jpeg\" alt=\"Dani y Fernando, nuestros Ratchett y Bouc en &quot;Asesinato en el Orient Express&quot; prepar\u00e1ndose para las fotos del cartel oficial de la obra de teatro.\" class=\"wp-image-765\" srcset=\"https:\/\/produccionesviesqueswood.com\/blog\/wp-content\/uploads\/2025\/03\/WhatsApp-Image-2025-03-29-at-00.25.10-3.jpeg 2040w, https:\/\/produccionesviesqueswood.com\/blog\/wp-content\/uploads\/2025\/03\/WhatsApp-Image-2025-03-29-at-00.25.10-3-768x576.jpeg 768w, https:\/\/produccionesviesqueswood.com\/blog\/wp-content\/uploads\/2025\/03\/WhatsApp-Image-2025-03-29-at-00.25.10-3-1536x1152.jpeg 1536w\" sizes=\"(max-width: 2040px) 100vw, 2040px\" \/><figcaption class=\"wp-element-caption\">Dani y Fernando, nuestros Ratchett y Bouc en \u00abAsesinato en el Orient Express\u00bb prepar\u00e1ndose para las fotos del cartel oficial de la obra de teatro.<\/figcaption><\/figure>\n<\/blockquote>\n\n\n\n<h3 class=\"wp-block-heading h3-entry\"><strong>Algunos personajes te calan hasta los huesos.<\/strong><\/h3>\n\n\n\n<p>Haciendo memoria, algunos de nuestros alumnos sienten <em>la morri\u00f1a<\/em> recordando alguno de los personajes que les ha tocado interpretar. Algo m\u00e1gico se queda en nosotros tras el trabajo interpretativo, despu\u00e9s de todo, son semanas, meses, poni\u00e9ndose en la piel de otro ser, que, aunque de forma ficticia gracias a la t\u00e9cnica actoral, la fuerza de la imaginaci\u00f3n, el poder corporal y la sugesti\u00f3n de las palabras, se convierte en una experiencia muy real, un esfuerzo en el que \u201cprestamos\u201d nuestra corporeidad a otro para juntos vivir, aunque sea por unos instantes, una vida diferente.<\/p>\n\n\n\n<blockquote class=\"wp-block-quote is-layout-flow wp-block-quote-is-layout-flow\">\n<p>Todos los montajes que hice hasta la fecha me gustaron mucho y cada uno me aport\u00f3 cosas diferentes, por lo que les guardo mucho cari\u00f1o.<\/p>\n<\/blockquote>\n\n\n\n<p>Para Marina se trata de algo as\u00ed como un \u201creseteo\u201d, una forma de sentir cosas muy diferentes cada vez que ves la vida con ojos ajenos. Para ella, es curioso c\u00f3mo se pueden sentir diferentes sensaciones en la escena teatral trabajando con el mismo compa\u00f1ero, ya que las situaciones y los personajes var\u00edan, pero puede ser una misma persona la que los interpreta. Una misma persona puede convertirse en diferentes personajes y cuando trabajas con ella puedes sentir cosas muy diversas. Esa disociaci\u00f3n es algo muy sorprendente y divertido. \u201c<em>Eso me hace coger mucho cari\u00f1o a mis compa\u00f1eros.<\/em>\u201d Para Ana, hay cierta naturalidad en asumir esos cambios.<\/p>\n\n\n\n<blockquote class=\"wp-block-quote is-layout-flow wp-block-quote-is-layout-flow\">\n<p>Llevo poco tiempo, pero hay dos personajes que me encuentro de vez en cuando mencionando en conversaciones con familia o amigos de forma muy natural. Una es, obviamente, Lechuguina Venenosa, y la otra, es de otra obra que estamos preparando.<\/p>\n<\/blockquote>\n\n\n\n<p>El teatro se cuela inevitablemente en nuestra vida diaria. Esto llega a extremos de <em>alter ego<\/em>, como en el caso de \u00c1ngel, cuya interpretaci\u00f3n de <em>Casimiro <\/em>en la obra de estas pasadas navidades se ha vuelto <em>meme<\/em> ya en nuestras clases, \u201cE<em>l panadero m\u00e1s grande que ha dado la Villa de Gij\u00f3n<\/em>\u201d. Como se puede leer, hay mucho cari\u00f1o en el trabajo en las aulas.<\/p>\n\n\n\n<p>Lo que nos lleva a una pregunta atrevida y necesaria\u2026 \u00bfRepetir\u00edas los mismos errores y aciertos que te trajeron a una clase de teatro por primera vez? Marina lo tiene claro, \u201c<em>Por supuesto<\/em>\u201d. Para otros como Ana y \u00c1ngel la decisi\u00f3n fue m\u00e1s o menos compartida.<\/p>\n\n\n\n<blockquote class=\"wp-block-quote is-layout-flow wp-block-quote-is-layout-flow\">\n<p>No creo que haya habido ning\u00fan error en mi decisi\u00f3n. Todo lleg\u00f3 cuando ten\u00eda que llegar y tuve la suerte de <em>\u201carrastrar\u201d<\/em> conmigo a alguien con el que disfruto haciendo cualquier cosa.<\/p>\n<\/blockquote>\n\n\n\n<p>\u00c1ngel le da la r\u00e9plica.<\/p>\n\n\n\n<blockquote class=\"wp-block-quote is-layout-flow wp-block-quote-is-layout-flow\">\n<p>Ella es la que me meti\u00f3 en este tinglado y con la que estoy m\u00e1s que contento de compartir camino.<\/p>\n<\/blockquote>\n\n\n\n<p>En este caso el amor ha sido la puerta a grandes descubrimientos.<\/p>\n\n\n\n<h3 class=\"wp-block-heading h3-entry\"><strong>\u00bfC\u00f3mo se ve el mundo tras una clase de teatro?<\/strong><\/h3>\n\n\n\n<p>Para algunos de nuestros alumnos, hacer teatro ha supuesto un cambio de perspectiva en lo que se refiere a la visi\u00f3n de las relaciones humanas. Muchos se sienten m\u00e1s conscientes de las emociones y reacciones de los dem\u00e1s.<\/p>\n\n\n\n<blockquote class=\"wp-block-quote is-layout-flow wp-block-quote-is-layout-flow\">\n<p>El teatro me ha mostrado la importancia de escuchar y conectar de manera m\u00e1s profunda con quienes me rodean. Las clases me han ense\u00f1ado a valorar las diferentes perspectivas, sin juzgar, y a entender que las relaciones se construyen a trav\u00e9s de la conexi\u00f3n aut\u00e9ntica y no desde la superficialidad que se puede encontrar en otros entornos. De tal manera he conectado m\u00e1s con mi propia esencia.<\/p>\n<\/blockquote>\n\n\n\n<p>Confiesa una sorprendida Lorena. Para Marina, ese cambio se traduce en un aumento en el nivel de autoconfianza, \u201c<em>Me siento m\u00e1s libre a la hora de expresar mis sentimientos en relaci\u00f3n a lo que lo hac\u00eda antes.<\/em>\u201d Pero para otros compa\u00f1eros, hacer teatro no ha cambiado la manera en que ven las relaciones humanas, pero s\u00ed ha supuesto un descubrimiento el comprobar c\u00f3mo la misma actividad puede atraer a gente tan diversa. \u00a0Para \u00c1lvaro, quien siempre crey\u00f3 en que todo el mundo puede aportar algo, no se le ocurre otra circunstancia vital en la que coincidir con todos sus compa\u00f1eros al mismo tiempo.<\/p>\n\n\n\n<blockquote class=\"wp-block-quote is-layout-flow wp-block-quote-is-layout-flow\">\n<p>Edades, profesiones, nacionalidades\u2026 Nada importa, todos tenemos nuestra historia independiente y una pasi\u00f3n en com\u00fan que nos une en este momento de la vida y quien sabe hasta cu\u00e1ndo.<\/p>\n<\/blockquote>\n\n\n\n<p>Su compa\u00f1ero \u00c1ngel se suma a su sentir:<\/p>\n\n\n\n<blockquote class=\"wp-block-quote is-layout-flow wp-block-quote-is-layout-flow\">\n<p>(&#8230;) aunque no haya tenido ning\u00fan momento de epifan\u00eda al respecto, s\u00ed que el estar en teatro, con un grupo heterog\u00e9neo de personas, me ha servido para conocer m\u00e1s realidades y perspectivas.<\/p>\n<\/blockquote>\n\n\n\n<p>Por su parte, Ana siente que el practicar teatro, aunque no ha cambiado el modo en el que percibe c\u00f3mo nos relacionamos los unos con los otros, s\u00ed que la ha ayudado a notar m\u00e1s facilidad para negociar o transmitir su punto su vista.<\/p>\n\n\n\n<blockquote class=\"wp-block-quote is-layout-flow wp-block-quote-is-layout-flow\">\n<p>Escuchar y utilizar la informaci\u00f3n es algo que haces en teatro a todas horas, as\u00ed que creo que poco a poco estoy mejorando en ello.<\/p>\n<\/blockquote>\n\n\n\n<h3 class=\"wp-block-heading h3-entry\"><strong>Compromiso y constancia, \u00bfqu\u00e9 significan en teatro?<\/strong><\/h3>\n\n\n\n<p>Ciertamente, podr\u00edamos decir que lo suponen todo en teatro. Sin ellas, un montaje no se puede llevar a cabo, porque sin compromiso no se encuentra ni la imaginaci\u00f3n para tener una idea, ni la valent\u00eda para llevarla a cabo. Sin constancia, los sue\u00f1os se desmoronan, a las palabras se las lleva el viento y los ensayos no llegan a sacar adelante una obra de teatro. As\u00ed que \u201c<em>una complementa a la otra. Sin compromiso no hay constancia y sin constancia no hay compromiso<\/em>.\u201d Para Marina es un disfrute poder cultivar ambas.<\/p>\n\n\n\n<p>\u00c1lvaro nos habla de compromiso y constancia como una antigua y buena costumbre que todo el mundo deber\u00eda respetar y practicar:<\/p>\n\n\n\n<blockquote class=\"wp-block-quote is-layout-flow wp-block-quote-is-layout-flow\">\n<p>(&#8230;) en general en la vida, cada cosa que se hace, hay que hacerla bien y cuando te comprometes en un proyecto, en el que adem\u00e1s participan m\u00e1s personas con mucha ilusi\u00f3n, pues hay que darlo todo. Se necesita entender bien d\u00f3nde est\u00e1s, el esfuerzo que ello conlleva y valorar si de verdad est\u00e1s dispuesto a disfrutar de esa experiencia. Aunque no sea tu mejor d\u00eda, no te apetezca hacerlo o te surja a \u00faltima hora un plan mejor, tienes un compromiso contigo mismo y con tus compa\u00f1eros al que no se puede fallar. Todos somos necesarios y nuestra aportaci\u00f3n es clave para el \u00e9xito del proyecto.<\/p>\n<\/blockquote>\n\n\n\n<p>Compromiso y constancia, dos palabras, dos actitudes que deben ser parte de la normalidad en el proceso de creaci\u00f3n teatral.<\/p>\n\n\n\n<blockquote class=\"wp-block-quote is-layout-flow wp-block-quote-is-layout-flow\">\n<p>Obviamente, hay temporadas y momentos de tu vida en los que es m\u00e1s dif\u00edcil, pero si es algo que te gusta y le tienes cari\u00f1o, el trabajarlo poniendo tu granito de arena para que todo vaya bien, no deber\u00eda ser un peso sobre tus hombros, si no algo que disfrutes.<\/p>\n<\/blockquote>\n\n\n\n<p>A\u00f1ade por su parte Ana.<\/p>\n\n\n\n<blockquote class=\"wp-block-quote is-layout-flow wp-block-quote-is-layout-flow\">\n<p>Compromiso para conmigo misma (\u2026) compromiso para con todos mis compa\u00f1eros y directora.\u00a0 Compromiso para con el p\u00fablico, pues debo dar lo mejor de m\u00ed. (\u2026) repetir, perseverar, repetir, perseverar, no rendirse por dif\u00edcil que sea el reto.<\/p>\n<\/blockquote>\n\n\n\n<p>Palabras convertidas en mantra para Tanya.<\/p>\n\n\n\n<p>Como m\u00e1quinas \u201c<em>Eres una pieza m\u00e1s del engranaje y, si t\u00fa fallas, los dem\u00e1s tambi\u00e9n fallan<\/em>.\u201d La cuesti\u00f3n tratada aqu\u00ed, se materializa para \u00c1ngel en una cuesti\u00f3n de estima:<\/p>\n\n\n\n<blockquote class=\"wp-block-quote is-layout-flow wp-block-quote-is-layout-flow\">\n<p>(&#8230;) se trata de tener estima en el trabajo ajeno y no echar por tierra el esfuerzo de los dem\u00e1s. Eso tambi\u00e9n se traduce en una necesidad de ser constante en el trabajo, de ir trabajando poco a poco para conseguir que la obra avance.<\/p>\n<\/blockquote>\n\n\n\n<p>Trabajo en equipo, trabajo en equipo\u2026 Es la m\u00e1xima que resuena en las palabras de Yoly:<\/p>\n\n\n\n<blockquote class=\"wp-block-quote is-layout-flow wp-block-quote-is-layout-flow\">\n<p>El teatro no es un pasatiempo; desde el momento que a una persona el teatro la hace crecer, la hace m\u00e1s imaginativa, la hace m\u00e1s segura de s\u00ed misma, la hace desinhibirse, la ayuda a olvidarse de su vida cotidiana, se convierte en un trabajo que has elegido para crear y desarrollar. Pero no est\u00e1s solo, como t\u00fa, m\u00e1s personas convergen en ese espacio-tiempo y ese trabajo es un trabajo de equipo. As\u00ed surge el compromiso, si t\u00fa fallas, est\u00e1s fallando a tu grupo, est\u00e1s fallando al resto de personas que, junto a ti, quieren sacar un trabajo adelante. Comprometerte en teatro es tan simple como entender que todos somos uno. Y como en la vida misma, el compromiso se convierte en una promesa que no se debe romper.<\/p>\n<\/blockquote>\n\n\n\n<p>El testimonio de nuestros alumnos, lo dice todo. S\u00f3lo se podr\u00e1 disfrutar del momento m\u00e1gico encima de las tablas del escenario, si todos los integrantes han hecho su trabajo regularmente y han sacrificado parte de sus prioridades por un bien mayor: vivir el teatro.<\/p>\n\n\n\n<h3 class=\"wp-block-heading h3-entry\"><strong>Un futuro lleno de ilusi\u00f3n<\/strong><\/h3>\n\n\n\n<p>Diez a\u00f1os es bastante tiempo para sentarse y echar la vista atr\u00e1s. Desde los modestos comienzos, con una clase de ni\u00f1os peque\u00f1os que daban sus primeros pasos en el mundo de las historias y los personajes, hasta el d\u00eda de hoy, con varios grupos de alumnos, tanto ni\u00f1os y adolescentes, como los adultos con los que estamos charlando, hemos querido seguir creciendo y descubriendo nuevos proyectos. No queremos aburrirnos, por lo que cada a\u00f1o ha sido un nuevo desaf\u00edo, un nuevo aprendizaje. As\u00ed que al futuro s\u00f3lo podemos pedirle que nos siga trayendo desaf\u00edos teatrales con los que disfrutar y seguir creciendo.<\/p>\n\n\n\n<p>Nuestros alumnos, valientes creadores de personajes, no se cansan de buscar nuevas y emocionantes experiencias. Los hay que ya no tienen miedos, \u201c<em>Mi mayor desaf\u00edo teatral fue empezar con un musical, as\u00ed que ya estoy lista para todo<\/em>\u201d como Marina que nos abre su coraz\u00f3n entre risas. Hay quienes se entusiasman con el descubrimiento de nuevos montajes y nuevos formatos teatrales, como Ana:<\/p>\n\n\n\n<blockquote class=\"wp-block-quote is-layout-flow wp-block-quote-is-layout-flow\">\n<p>A m\u00ed me encantar\u00eda cualquier desaf\u00edo teatral. Desde un drama a un musical, pasando por el misterio, hasta algo muy interactivo con el p\u00fablico&#8230; <\/p>\n<\/blockquote>\n\n\n\n<p>O incluso se deleitan con profundizar en otros apartados m\u00e1s t\u00e9cnicos del proceso de creaci\u00f3n, como opina un pragm\u00e1tico \u00c1ngel.<\/p>\n\n\n\n<blockquote class=\"wp-block-quote is-layout-flow wp-block-quote-is-layout-flow\">\n<p>Entre los desaf\u00edos teatrales, m\u00e1s all\u00e1 de conseguir aprender los di\u00e1logos de forma eficiente, pod\u00eda estar todo lo que implica la parte t\u00e9cnica y la puesta en escena.<\/p>\n<\/blockquote>\n\n\n\n<p>Pero, en general, sentimos que los alumnos est\u00e1n ansiosos por seguir avanzando en su proceso de descubrimiento personal.<\/p>\n\n\n\n<blockquote class=\"wp-block-quote is-layout-flow wp-block-quote-is-layout-flow\">\n<p>(&#8230;) estoy seguro de que me encantar\u00eda seguir avanzando y aprendiendo, participar en muchas m\u00e1s propuestas y disfrutarlas al m\u00e1ximo. Cada propuesta y cada personaje es en s\u00ed un desaf\u00edo y me gustar\u00eda enfrentarme a todos los que pueda, ya que, al final, todos ellos dejan una peque\u00f1a huella en m\u00ed y un aprendizaje incre\u00edble.<\/p>\n<\/blockquote>\n\n\n\n<p>Una respuesta de un emocionado \u00c1lvaro. Este camino, que les agradecemos hayan iniciado o continuado con nosotros, esperamos que los lleve a vivir a tope todo lo que el arte del dios Dioniso tenga a bien entregarles.<\/p>\n\n\n\n<blockquote class=\"wp-block-quote is-layout-flow wp-block-quote-is-layout-flow\">\n<p>Quiero hacer cosas distintas, cosas que inicialmente creo que no son para m\u00ed o que no me saldr\u00e1n bien, porque conf\u00edo en las clases y directrices de la profesora y mis compa\u00f1eros y s\u00e9 que, al final, estar\u00e9 orgullosa del resultado.<\/p>\n<\/blockquote>\n\n\n\n<p>Concluye orgullosa, Ana.<\/p>\n\n\n\n<p>Y ya puestos a so\u00f1ar, lanzamos la pregunta de qu\u00e9 personaje les gustar\u00eda llegar a interpretar y los alumnos no se echan atr\u00e1s, se decantan por los retos. \u201c<em>No tengo en mente ning\u00fan personaje concreto, pero s\u00ed que le tengo ganas a un personaje radical con alguna escena de acci\u00f3n complicada.<\/em>\u201d Ana se atreve, de esta manera a verse, como su compa\u00f1era Marina, en la piel de un personaje muy diferente a s\u00ed misma, aunque esto, como buen reto que se inicia, tambi\u00e9n conlleva varias dudas y un periodo de incertidumbre, pero Marina est\u00e1 con ganas de probar:<\/p>\n\n\n\n<blockquote class=\"wp-block-quote is-layout-flow wp-block-quote-is-layout-flow\">\n<p>Mi personaje favorito es cualquier villano o villana carism\u00e1tico. A pesar de ser el tipo de personaje que m\u00e1s me llama la atenci\u00f3n, siento que ser\u00eda un reto interpretativo, ya que me considero una persona muy emp\u00e1tica y compasiva. En todos los personajes que interpret\u00e9 hay un porcentaje de m\u00ed y siento que, en ese caso, me parecer\u00eda muy dif\u00edcil salirme de mi yo a la hora de buscar las estrategias y motivaciones de personaje.<\/p>\n<\/blockquote>\n\n\n\n<p>Por su parte, \u00c1ngel le pone nombre y apellidos a su elecci\u00f3n, \u201c<em>Alg\u00fan d\u00eda me encantar\u00eda interpretar a Javert en Los Miserables.<\/em>\u201d Aunque, con toda su humildad, confiesa sus inseguridades, \u201c<em>Una pena que no tenga una voz especialmente buena.<\/em>\u201d Ojal\u00e1 tengamos la oportunidad de ver c\u00f3mo se prueba lo contrario, ya que con trabajo, constancia y una buena orientaci\u00f3n, podemos superarnos a nosotros mismos, encontrando la verdad genuina que cada actor le inflige a un personaje.<\/p>\n\n\n\n<h2 class=\"wp-block-heading h2-entry\"><strong>Descubiertas las bondades de hacer teatro, nos despedimos\u2026 Por ahora.<\/strong><\/h2>\n\n\n\n<p>En <em>Viesqueswood <\/em>nos sentimos queridos y valorados por los alumnos. Ellos le dan sentido a una tarea de la que llevamos disfrutando una d\u00e9cada. Sentimos su cari\u00f1o y aprecio de muchas formas posibles. Ellos son los mejores mensajeros de las bondades que trae el hacer teatro.<\/p>\n\n\n\n<figure class=\"wp-block-gallery has-nested-images columns-default is-cropped wp-block-gallery-3 is-layout-flex wp-block-gallery-is-layout-flex\">\n<figure class=\"wp-block-image size-large\"><img loading=\"lazy\" decoding=\"async\" width=\"1600\" height=\"902\" data-id=\"770\" src=\"https:\/\/produccionesviesqueswood.com\/blog\/wp-content\/uploads\/2025\/03\/WhatsApp-Image-2025-03-29-at-00.25.10-1.jpeg\" alt=\"Beatriz Mer\u00e9 durante el rodaje del v\u00eddeo del mensaje del D\u00eda Mundial del Teatro del a\u00f1o 2025\" class=\"wp-image-770\" srcset=\"https:\/\/produccionesviesqueswood.com\/blog\/wp-content\/uploads\/2025\/03\/WhatsApp-Image-2025-03-29-at-00.25.10-1.jpeg 1600w, https:\/\/produccionesviesqueswood.com\/blog\/wp-content\/uploads\/2025\/03\/WhatsApp-Image-2025-03-29-at-00.25.10-1-768x433.jpeg 768w, https:\/\/produccionesviesqueswood.com\/blog\/wp-content\/uploads\/2025\/03\/WhatsApp-Image-2025-03-29-at-00.25.10-1-1536x866.jpeg 1536w\" sizes=\"(max-width: 1600px) 100vw, 1600px\" \/><figcaption class=\"wp-element-caption\">Beatriz Mer\u00e9 durante el rodaje del v\u00eddeo del mensaje del D\u00eda Mundial del Teatro del a\u00f1o 2025<\/figcaption><\/figure>\n\n\n\n<figure class=\"wp-block-image size-large\"><img loading=\"lazy\" decoding=\"async\" width=\"1600\" height=\"1200\" data-id=\"771\" src=\"https:\/\/produccionesviesqueswood.com\/blog\/wp-content\/uploads\/2025\/03\/WhatsApp-Image-2025-03-29-at-00.25.13-1.jpeg\" alt=\" Ding Ding, Lorena y Yoly durante el rodaje del cortometraje &quot;Hermana&quot;\" class=\"wp-image-771\" srcset=\"https:\/\/produccionesviesqueswood.com\/blog\/wp-content\/uploads\/2025\/03\/WhatsApp-Image-2025-03-29-at-00.25.13-1.jpeg 1600w, https:\/\/produccionesviesqueswood.com\/blog\/wp-content\/uploads\/2025\/03\/WhatsApp-Image-2025-03-29-at-00.25.13-1-768x576.jpeg 768w, https:\/\/produccionesviesqueswood.com\/blog\/wp-content\/uploads\/2025\/03\/WhatsApp-Image-2025-03-29-at-00.25.13-1-1536x1152.jpeg 1536w\" sizes=\"(max-width: 1600px) 100vw, 1600px\" \/><figcaption class=\"wp-element-caption\">Ding Ding, Lorena y Yoly durante el rodaje del cortometraje \u00abHermana\u00bb<\/figcaption><\/figure>\n<\/figure>\n\n\n\n<p>Cuando les preguntamos a los alumnos qu\u00e9 har\u00edan para dar a conocer las ventajas del teatro, ellos responden sinceramente. Agradecemos su generosidad y su buena disposici\u00f3n. \u00c1lvaro y Ana, por ejemplo, tienen pensado movilizar a familiares y amigos a ver nuestras representaciones, adem\u00e1s de compartir todo lo que se haga a trav\u00e9s de redes sociales.<\/p>\n\n\n\n<blockquote class=\"wp-block-quote is-layout-flow wp-block-quote-is-layout-flow\">\n<p>Seguramente acudan al principio simplemente por el hecho de tener a alguien conocido, pero estoy seguro que disfrutar\u00e1n de la experiencia y repetir\u00e1n en m\u00e1s ocasiones.<\/p>\n<\/blockquote>\n\n\n\n<p>Confesaba \u00c1lvaro, mientras que Ana a\u00f1ad\u00eda que compartir con sus seres queridos su evoluci\u00f3n personal es una de las mejores formas de movilizar a otros a que prueben con el teatro:<\/p>\n\n\n\n<blockquote class=\"wp-block-quote is-layout-flow wp-block-quote-is-layout-flow\">\n<p>Demostrar c\u00f3mo poco a poco voy perdiendo la timidez y mejorando mis habilidades comunicativas, y, por qu\u00e9 no, mi autoestima.<\/p>\n<\/blockquote>\n\n\n\n<p>Para \u00c1ngel la mejor forma de interesar a alguien es contar la propia experiencia y \u00e9l es muy simp\u00e1tico explic\u00e1ndolo.<\/p>\n\n\n\n<blockquote class=\"wp-block-quote is-layout-flow wp-block-quote-is-layout-flow\">\n<p>Una de las herramientas m\u00e1s poderosas que tiene cualquier persona es el boca-boca. No en vano, es de sabidur\u00eda popular que cualquiera estamos a 5 apretones de manos de cualquier otra persona.<\/p>\n<\/blockquote>\n\n\n\n<p>Los alumnos nos trasmiten su energ\u00eda y su entusiasmo, haciendo que todo el trabajo tenga sentido. Animamos a todo el mundo a practicar teatro, ya sea acudiendo a clases regulares, a ver una funci\u00f3n teatral, a formar parte de un grupo teatral o simplemente a leer una buena obra de teatro en la tranquilidad del hogar. Todo es bueno. Todo es posible.<\/p>\n\n\n\n<p>En este punto, queremos agradecer a toda aquella persona que, en alg\u00fan momento, en estos diez a\u00f1os le ha dedicado un tiempo de su vida a disfrutar de algo de lo que organizamos. Ya sea como espectador de nuestros espect\u00e1culos, como alumno de nuestras clases, o como cliente que contrata nuestros servicios, os estamos tremendamente agradecidos. Y tambi\u00e9n, por qu\u00e9 no dedicarle unas palabras de agradecimiento, exentas de toda acritud y resentimiento, a todos aquellos que dudaron o nos pusieron trabas para nuestro desempe\u00f1o. De esos momentos dif\u00edciles tambi\u00e9n hemos aprendido, hemos encontrado la forma para seguir adelante, para levantarnos y buscar un nuevo camino, nuevas posibilidades, porque es verdad eso que dicen de que <em>the show must go on<\/em>. Pase lo que pase, adelante, el espect\u00e1culo debe continuar.<\/p>\n\n\n\n<figure class=\"wp-block-image size-full\"><img loading=\"lazy\" decoding=\"async\" width=\"2048\" height=\"1536\" src=\"https:\/\/produccionesviesqueswood.com\/blog\/wp-content\/uploads\/2025\/03\/WhatsApp-Image-2025-03-29-at-00.25.10.jpeg\" alt=\"Beatriz Mer\u00e9, directora, y Ruso Garc\u00eda tras el rodaje del v\u00eddeo del mensaje del d\u00eda mundial del teatro del a\u00f1o 2025.\" class=\"wp-image-768\" srcset=\"https:\/\/produccionesviesqueswood.com\/blog\/wp-content\/uploads\/2025\/03\/WhatsApp-Image-2025-03-29-at-00.25.10.jpeg 2048w, https:\/\/produccionesviesqueswood.com\/blog\/wp-content\/uploads\/2025\/03\/WhatsApp-Image-2025-03-29-at-00.25.10-768x576.jpeg 768w, https:\/\/produccionesviesqueswood.com\/blog\/wp-content\/uploads\/2025\/03\/WhatsApp-Image-2025-03-29-at-00.25.10-1536x1152.jpeg 1536w\" sizes=\"(max-width: 2048px) 100vw, 2048px\" \/><figcaption class=\"wp-element-caption\">Beatriz Mer\u00e9, directora, y Ruso Garc\u00eda tras el rodaje del v\u00eddeo del mensaje del d\u00eda mundial del teatro del a\u00f1o 2025.<\/figcaption><\/figure>\n\n\n\n<p>Y, para despedirnos, queremos dejar por aqu\u00ed el v\u00eddeo que grabamos con motivo del <strong>D\u00eda Mundial del Teatro<\/strong>, en el cual narramos el mensaje de este 2025 escrito por <em>Theodoros Terzopoulos<\/em>, esperamos que os guste.<\/p>\n\n\n\n<figure class=\"wp-block-embed is-type-video is-provider-youtube wp-block-embed-youtube wp-embed-aspect-16-9 wp-has-aspect-ratio\"><div class=\"wp-block-embed__wrapper\">\n<div class=\"responsive-video\"><iframe loading=\"lazy\" title=\"Mensaje del D\u00eda Mundial Del Teatro 2025\" width=\"755\" height=\"425\" data-cookieconsent=\"estad\u00edsticas, marketing\" data-src=\"https:\/\/www.youtube.com\/embed\/muAH96K6fT4?feature=oembed\" frameborder=\"0\" allow=\"accelerometer; autoplay; clipboard-write; encrypted-media; gyroscope; picture-in-picture; web-share\" referrerpolicy=\"strict-origin-when-cross-origin\" allowfullscreen><\/iframe><div class=\"cookieconsent-optout-statistics cookieconsent-optout-marketing\"><\/div><\/div>\n<\/div><\/figure>\n\n\n\n<figure class=\"wp-block-gallery has-nested-images columns-4 is-cropped wp-block-gallery-4 is-layout-flex wp-block-gallery-is-layout-flex\">\n<figure class=\"wp-block-image size-large\"><a href=\"https:\/\/www.instagram.com\/produccionesviesqueswood\" target=\"_blank\" rel=\"noopener\"><img loading=\"lazy\" decoding=\"async\" width=\"360\" height=\"360\" data-id=\"557\" src=\"https:\/\/produccionesviesqueswood.com\/blog\/wp-content\/uploads\/2023\/03\/pngtree-instagram-social-platform-icon-png-image_6315976-1.png\" alt=\"\" class=\"wp-image-557\"\/><\/a><\/figure>\n\n\n\n<figure class=\"wp-block-image size-large\"><a href=\"https:\/\/www.facebook.com\/ProduccionesViesqueswood\/\" target=\"_blank\" rel=\"noopener\"><img loading=\"lazy\" decoding=\"async\" width=\"1024\" height=\"1024\" data-id=\"554\" src=\"https:\/\/produccionesviesqueswood.com\/blog\/wp-content\/uploads\/2023\/03\/Facebook_f_logo_2019.svg_.png\" alt=\"\" class=\"wp-image-554\" srcset=\"https:\/\/produccionesviesqueswood.com\/blog\/wp-content\/uploads\/2023\/03\/Facebook_f_logo_2019.svg_.png 1024w, https:\/\/produccionesviesqueswood.com\/blog\/wp-content\/uploads\/2023\/03\/Facebook_f_logo_2019.svg_-768x768.png 768w\" sizes=\"(max-width: 1024px) 100vw, 1024px\" \/><\/a><\/figure>\n\n\n\n<figure class=\"wp-block-image size-large\"><a href=\"https:\/\/www.youtube.com\/@produccionesviesqueswood7719\" target=\"_blank\" rel=\"noopener\"><img loading=\"lazy\" decoding=\"async\" width=\"640\" height=\"443\" data-id=\"560\" src=\"https:\/\/produccionesviesqueswood.com\/blog\/wp-content\/uploads\/2023\/03\/Youtube_logo.png\" alt=\"\" class=\"wp-image-560\"\/><\/a><\/figure>\n\n\n\n<figure class=\"wp-block-image size-full\"><a href=\"https:\/\/x.com\/viesqueswood\" target=\"_blank\" rel=\"noopener\"><img loading=\"lazy\" decoding=\"async\" width=\"626\" height=\"626\" data-id=\"769\" src=\"https:\/\/produccionesviesqueswood.com\/blog\/wp-content\/uploads\/2025\/03\/nuevo-diseno-icono-x-logotipo-twitter-2023_1017-45418.avif\" alt=\"\" class=\"wp-image-769\"\/><\/a><\/figure>\n<\/figure>\n","protected":false},"excerpt":{"rendered":"<p>Una d\u00e9cada haciendo teatro y cine, 10 a\u00f1os acompa\u00f1ando a nuestros alumnos en su proceso de llevar a la escena obras de teatro. Ellos son los protagonistas y nos hablan de su experiencia en primera persona.<\/p>\n","protected":false},"author":2,"featured_media":777,"comment_status":"open","ping_status":"open","sticky":false,"template":"","format":"standard","meta":{"footnotes":""},"categories":[16,17,3],"tags":[44,51,49,50,10,4],"class_list":["post-733","post","type-post","status-publish","format-standard","has-post-thumbnail","hentry","category-alumnos","category-teatro","category-viesqueswood","tag-alummnos","tag-asesinato-en-el-orient-express","tag-italia","tag-la-casa-de-los-vampiros","tag-teatro","tag-viesqueswood"],"_links":{"self":[{"href":"https:\/\/produccionesviesqueswood.com\/blog\/wp-json\/wp\/v2\/posts\/733"}],"collection":[{"href":"https:\/\/produccionesviesqueswood.com\/blog\/wp-json\/wp\/v2\/posts"}],"about":[{"href":"https:\/\/produccionesviesqueswood.com\/blog\/wp-json\/wp\/v2\/types\/post"}],"author":[{"embeddable":true,"href":"https:\/\/produccionesviesqueswood.com\/blog\/wp-json\/wp\/v2\/users\/2"}],"replies":[{"embeddable":true,"href":"https:\/\/produccionesviesqueswood.com\/blog\/wp-json\/wp\/v2\/comments?post=733"}],"version-history":[{"count":30,"href":"https:\/\/produccionesviesqueswood.com\/blog\/wp-json\/wp\/v2\/posts\/733\/revisions"}],"predecessor-version":[{"id":798,"href":"https:\/\/produccionesviesqueswood.com\/blog\/wp-json\/wp\/v2\/posts\/733\/revisions\/798"}],"wp:featuredmedia":[{"embeddable":true,"href":"https:\/\/produccionesviesqueswood.com\/blog\/wp-json\/wp\/v2\/media\/777"}],"wp:attachment":[{"href":"https:\/\/produccionesviesqueswood.com\/blog\/wp-json\/wp\/v2\/media?parent=733"}],"wp:term":[{"taxonomy":"category","embeddable":true,"href":"https:\/\/produccionesviesqueswood.com\/blog\/wp-json\/wp\/v2\/categories?post=733"},{"taxonomy":"post_tag","embeddable":true,"href":"https:\/\/produccionesviesqueswood.com\/blog\/wp-json\/wp\/v2\/tags?post=733"}],"curies":[{"name":"wp","href":"https:\/\/api.w.org\/{rel}","templated":true}]}}